{"id":56363,"date":"2020-05-25T19:25:00","date_gmt":"2020-05-25T15:25:00","guid":{"rendered":"http:\/\/hakimiyyet.info.az\/?p=56363"},"modified":"2020-05-25T19:25:00","modified_gmt":"2020-05-25T15:25:00","slug":"macaristanin-prezidenti-yanos-aderd%c9%99n","status":"publish","type":"post","link":"https:\/\/hakimiyyet.info.az\/?p=56363","title":{"rendered":"Macar\u0131stan\u0131n Prezidenti Yano\u015f Aderd\u0259n"},"content":{"rendered":"<div>\n<div class=\"news_paragraph-block\">\n<p>Az\u0259rbaycan Respublikas\u0131n\u0131n Prezidenti Zati-alil\u0259ri c\u0259nab \u0130lham \u018fliyev\u0259<\/p>\n<p>H\u00f6rm\u0259tli c\u0259nab Prezident.<\/p>\n<p>\u0130caz\u0259 verin, Sizi v\u0259 Az\u0259rbaycan xalq\u0131n\u0131 milli bayram\u0131n\u0131z \u2013 Respublika G\u00fcn\u00fc m\u00fcnasib\u0259til\u0259 t\u0259brik edim.<\/p>\n<p>Az\u0259rbaycan bizim \u00fc\u00e7\u00fcn yaln\u0131z strateji t\u0259r\u0259fda\u015f deyil, h\u0259m d\u0259 dost \u00f6lk\u0259dir. Bizim ortaq m\u0259d\u0259ni \u0259n\u0259n\u0259l\u0259rimiz \u00f6lk\u0259l\u0259rimiz aras\u0131ndak\u0131 \u0259laq\u0259l\u0259ri daha da s\u0131xla\u015fd\u0131r\u0131r.<\/p>\n<p>\u018fminlikl\u0259 dey\u0259 bil\u0259r\u0259m ki, biz xarici siyas\u0259timizd\u0259 Az\u0259rbaycanla \u0259laq\u0259l\u0259rimizin inki\u015faf\u0131na b\u00f6y\u00fck diqq\u0259t yetiririk. T\u00fcrkdilli D\u00f6vl\u0259tl\u0259rin \u018fm\u0259kda\u015fl\u0131q \u015euras\u0131 v\u0259 h\u0259m\u00e7inin onun Budape\u015ftd\u0259 yerl\u0259\u015f\u0259n ofisi bu \u0259laq\u0259l\u0259rin g\u0259l\u0259c\u0259k inki\u015faf\u0131na t\u0259kan ver\u0259c\u0259k.<\/p>\n<p>C\u0259nab Prezident, Siz\u0259 cansa\u011fl\u0131\u011f\u0131 v\u0259 ali v\u0259zif\u0259nizd\u0259 u\u011furlar arzulay\u0131ram.<\/p>\n<p>Yano\u015f Ader<\/p>\n<p>Macar\u0131stan\u0131n Prezidenti<\/p>\n<\/div>\n<\/div>\n","protected":false},"excerpt":{"rendered":"<p>Az\u0259rbaycan Respublikas\u0131n\u0131n Prezidenti Zati-alil\u0259ri c\u0259nab \u0130lham \u018fliyev\u0259 H\u00f6rm\u0259tli c\u0259nab Prezident. \u0130caz\u0259 verin, Sizi v\u0259 Az\u0259rbaycan xalq\u0131n\u0131 milli bayram\u0131n\u0131z \u2013 Respublika&hellip;<\/p>\n","protected":false},"author":1,"featured_media":56364,"comment_status":"closed","ping_status":"closed","sticky":false,"template":"","format":"standard","meta":{"om_disable_all_campaigns":false,"_monsterinsights_skip_tracking":false,"_uf_show_specific_survey":0,"_uf_disable_surveys":false,"footnotes":""},"categories":[3,34],"tags":[],"aioseo_notices":[],"_links":{"self":[{"href":"https:\/\/hakimiyyet.info.az\/index.php?rest_route=\/wp\/v2\/posts\/56363"}],"collection":[{"href":"https:\/\/hakimiyyet.info.az\/index.php?rest_route=\/wp\/v2\/posts"}],"about":[{"href":"https:\/\/hakimiyyet.info.az\/index.php?rest_route=\/wp\/v2\/types\/post"}],"author":[{"embeddable":true,"href":"https:\/\/hakimiyyet.info.az\/index.php?rest_route=\/wp\/v2\/users\/1"}],"replies":[{"embeddable":true,"href":"https:\/\/hakimiyyet.info.az\/index.php?rest_route=%2Fwp%2Fv2%2Fcomments&post=56363"}],"version-history":[{"count":0,"href":"https:\/\/hakimiyyet.info.az\/index.php?rest_route=\/wp\/v2\/posts\/56363\/revisions"}],"wp:featuredmedia":[{"embeddable":true,"href":"https:\/\/hakimiyyet.info.az\/index.php?rest_route=\/wp\/v2\/media\/56364"}],"wp:attachment":[{"href":"https:\/\/hakimiyyet.info.az\/index.php?rest_route=%2Fwp%2Fv2%2Fmedia&parent=56363"}],"wp:term":[{"taxonomy":"category","embeddable":true,"href":"https:\/\/hakimiyyet.info.az\/index.php?rest_route=%2Fwp%2Fv2%2Fcategories&post=56363"},{"taxonomy":"post_tag","embeddable":true,"href":"https:\/\/hakimiyyet.info.az\/index.php?rest_route=%2Fwp%2Fv2%2Ftags&post=56363"}],"curies":[{"name":"wp","href":"https:\/\/api.w.org\/{rel}","templated":true}]}}