{"id":56413,"date":"2020-05-25T17:15:43","date_gmt":"2020-05-25T13:15:43","guid":{"rendered":"https:\/\/www.hakimiyyet.com\/2019\/56413"},"modified":"2020-05-25T17:15:43","modified_gmt":"2020-05-25T13:15:43","slug":"gurcustanda-ictimai-n%c9%99qliyyatin-f%c9%99aliyy%c9%99ti-iyunda-b%c9%99rpa-edil%c9%99c%c9%99k","status":"publish","type":"post","link":"https:\/\/hakimiyyet.info.az\/?p=56413","title":{"rendered":"G\u00fcrc\u00fcstanda ictimai n\u0259qliyyat\u0131n f\u0259aliyy\u0259ti iyunda b\u0259rpa edil\u0259c\u0259k"},"content":{"rendered":"<p>\u201cHakimiyyet.com\u201d x\u0259b\u0259r verir ki, <\/p>\n<div>\n<p>G\u00fcrc\u00fcstanda ictimai n\u0259qliyyat\u0131n h\u0259r\u0259k\u0259ti iyunda b\u0259rpa edil\u0259c\u0259k.<\/p>\n<p><a href=\"https:\/\/apa.az\" target=\"_blank\" style=\"display: inline !important;\" rel=\"noopener noreferrer\">APA<\/a>-n\u0131n yerli b\u00fcrosu x\u0259b\u0259r verir ki, bu bar\u0259d\u0259 Tbilisi meri Kaxa Kaladze m\u0259lumat verib. Onun s\u00f6zl\u0259rin\u0259 g\u00f6r\u0259, h\u0259l\u0259lik bu sah\u0259 il\u0259 ba\u011fl\u0131 qaydalar tam haz\u0131r olmasa da, iyunun \u0259vv\u0259lind\u0259 ictimai n\u0259qliyyat\u0131n f\u0259aliyy\u0259tinin b\u0259rpa edilm\u0259si g\u00f6zl\u0259nilir.<\/p>\n<p>&#8220;D\u0259qiq tarix b\u0259lli deyil. Bizd\u0259 bu m\u0259lumat yoxdur. Lakin m\u0259n bu m\u0259s\u0259l\u0259ni Qurumlararas\u0131 Koordinasiya \u015euras\u0131n\u0131n iclas\u0131nda da qald\u0131rd\u0131m, \u00e7\u00fcnki c\u0259miyy\u0259td\u0259n b\u00f6y\u00fck t\u0259l\u0259bat var. Biz bu sah\u0259nin m\u00fct\u0259x\u0259ssisl\u0259rinin t\u00f6vsiy\u0259l\u0259rini izl\u0259yirik. \u0130ctimai n\u0259qliyyat\u0131n f\u0259aliyy\u0259tinin iyunun \u0259vv\u0259lind\u0259 b\u0259rpa edilm\u0259si g\u00f6zl\u0259nilir \u201d, &#8211; dey\u0259 K. Kaladze bildirib.<\/p>\n<p>Qeyd ed\u0259k ki, mart\u0131n 31-d\u0259n etibar\u0259n COVID-19 pandemiyas\u0131 il\u0259 \u0259laq\u0259dar qon\u015fu \u00f6lk\u0259d\u0259 qatarlar\u0131n, metro v\u0259 dig\u0259r ictimai n\u0259qliyyat vasit\u0259l\u0259rinin h\u0259r\u0259k\u0259ti dayand\u0131r\u0131l\u0131b. Aprelin 27-d\u0259 \u00f6lk\u0259d\u0259 taksi f\u0259aliyy\u0259tinin b\u0259rpas\u0131na icaz\u0259 verilib.<\/p>\n<p>\u00a0<\/p>\n<\/p><\/div>\n","protected":false},"excerpt":{"rendered":"<p>\u201cHakimiyyet.com\u201d x\u0259b\u0259r verir ki, G\u00fcrc\u00fcstanda ictimai n\u0259qliyyat\u0131n h\u0259r\u0259k\u0259ti iyunda b\u0259rpa edil\u0259c\u0259k. APA-n\u0131n yerli b\u00fcrosu x\u0259b\u0259r verir ki, bu bar\u0259d\u0259 Tbilisi&hellip;<\/p>\n","protected":false},"author":1,"featured_media":56414,"comment_status":"closed","ping_status":"closed","sticky":false,"template":"","format":"standard","meta":{"om_disable_all_campaigns":false,"_monsterinsights_skip_tracking":false,"_uf_show_specific_survey":0,"_uf_disable_surveys":false,"footnotes":""},"categories":[23,5],"tags":[],"aioseo_notices":[],"_links":{"self":[{"href":"https:\/\/hakimiyyet.info.az\/index.php?rest_route=\/wp\/v2\/posts\/56413"}],"collection":[{"href":"https:\/\/hakimiyyet.info.az\/index.php?rest_route=\/wp\/v2\/posts"}],"about":[{"href":"https:\/\/hakimiyyet.info.az\/index.php?rest_route=\/wp\/v2\/types\/post"}],"author":[{"embeddable":true,"href":"https:\/\/hakimiyyet.info.az\/index.php?rest_route=\/wp\/v2\/users\/1"}],"replies":[{"embeddable":true,"href":"https:\/\/hakimiyyet.info.az\/index.php?rest_route=%2Fwp%2Fv2%2Fcomments&post=56413"}],"version-history":[{"count":0,"href":"https:\/\/hakimiyyet.info.az\/index.php?rest_route=\/wp\/v2\/posts\/56413\/revisions"}],"wp:featuredmedia":[{"embeddable":true,"href":"https:\/\/hakimiyyet.info.az\/index.php?rest_route=\/wp\/v2\/media\/56414"}],"wp:attachment":[{"href":"https:\/\/hakimiyyet.info.az\/index.php?rest_route=%2Fwp%2Fv2%2Fmedia&parent=56413"}],"wp:term":[{"taxonomy":"category","embeddable":true,"href":"https:\/\/hakimiyyet.info.az\/index.php?rest_route=%2Fwp%2Fv2%2Fcategories&post=56413"},{"taxonomy":"post_tag","embeddable":true,"href":"https:\/\/hakimiyyet.info.az\/index.php?rest_route=%2Fwp%2Fv2%2Ftags&post=56413"}],"curies":[{"name":"wp","href":"https:\/\/api.w.org\/{rel}","templated":true}]}}