{"id":56440,"date":"2020-05-25T18:10:43","date_gmt":"2020-05-25T14:10:43","guid":{"rendered":"https:\/\/www.hakimiyyet.com\/2019\/56440"},"modified":"2020-05-25T18:10:43","modified_gmt":"2020-05-25T14:10:43","slug":"ispaniya-iyulun-1-d%c9%99n-%c9%99cn%c9%99bil%c9%99r-ucun-karantin-rejimini-l%c9%99gv-ed%c9%99c%c9%99k","status":"publish","type":"post","link":"https:\/\/hakimiyyet.info.az\/?p=56440","title":{"rendered":"\u0130spaniya iyulun 1-d\u0259n \u0259cn\u0259bil\u0259r \u00fc\u00e7\u00fcn karantin rejimini l\u0259\u011fv ed\u0259c\u0259k"},"content":{"rendered":"<p>\u201cHakimiyyet.com\u201d x\u0259b\u0259r verir ki, <\/p>\n<div>\n<p class=\"MsoNormal\"><span lang=\"AZ-LATIN\" style=\"font-size: 14.0pt; line-height: 115%; font-family: Tahoma; mso-ansi-language: AZ-LATIN;\">\u0130spaniya h\u00f6kum\u0259ti \u0259cn\u0259bil\u0259r \u00fc\u00e7\u00fcn t\u0259tbiq edil\u0259n iki h\u0259ft\u0259lik karantin rejimini iyulun 1-d\u0259n l\u0259\u011fv ed\u0259c\u0259k.\u00a0<\/span><\/p>\n<p class=\"MsoNormal\"><span lang=\"AZ-LATIN\" style=\"font-size: 14.0pt; line-height: 115%; font-family: Tahoma; mso-ansi-language: AZ-LATIN;\"><a href=\"https:\/\/apa.az\" target=\"_blank\" style=\"display: inline !important;\" rel=\"noopener noreferrer\">APA<\/a>-n\u0131n TASS-a istinad\u0259n verdiyi x\u0259b\u0259r\u0259 g\u00f6r\u0259, bu bar\u0259d\u0259 \u0130spaniya h\u00f6kum\u0259tinin m\u0259tbuat xidm\u0259ti m\u0259lumat yay\u0131b.<\/span><\/p>\n<p class=\"MsoNormal\"><span lang=\"AZ-LATIN\" style=\"font-size: 14.0pt; line-height: 115%; font-family: Tahoma; mso-ansi-language: AZ-LATIN;\">Bildirilib ki, h\u00f6kum\u0259t iyulun 1-d\u0259n \u0259cn\u0259bi turistl\u0259r \u00fc\u00e7\u00fcn t\u0259tbiq edil\u0259n karantini l\u0259\u011fv ed\u0259c\u0259k.<\/span><\/p>\n<p>\u00a0<\/p>\n<p class=\"MsoNormal\"><span lang=\"AZ-LATIN\" style=\"font-size: 14.0pt; line-height: 115%; font-family: Tahoma; mso-ansi-language: AZ-LATIN;\">Qeyd ed\u0259k ki, may\u0131n 15-d\u0259n etibar\u0259n \u0130spaniyaya g\u0259l\u0259nl\u0259r 14 g\u00fcn m\u00fcdd\u0259tind\u0259 karantin\u0259 al\u0131n\u0131rlar.<\/span><\/p>\n<p>\u00a0<\/p>\n<\/p><\/div>\n","protected":false},"excerpt":{"rendered":"<p>\u201cHakimiyyet.com\u201d x\u0259b\u0259r verir ki, \u0130spaniya h\u00f6kum\u0259ti \u0259cn\u0259bil\u0259r \u00fc\u00e7\u00fcn t\u0259tbiq edil\u0259n iki h\u0259ft\u0259lik karantin rejimini iyulun 1-d\u0259n l\u0259\u011fv ed\u0259c\u0259k.\u00a0 APA-n\u0131n TASS-a&hellip;<\/p>\n","protected":false},"author":1,"featured_media":56441,"comment_status":"closed","ping_status":"closed","sticky":false,"template":"","format":"standard","meta":{"om_disable_all_campaigns":false,"_monsterinsights_skip_tracking":false,"_uf_show_specific_survey":0,"_uf_disable_surveys":false,"footnotes":""},"categories":[23,5],"tags":[],"aioseo_notices":[],"_links":{"self":[{"href":"https:\/\/hakimiyyet.info.az\/index.php?rest_route=\/wp\/v2\/posts\/56440"}],"collection":[{"href":"https:\/\/hakimiyyet.info.az\/index.php?rest_route=\/wp\/v2\/posts"}],"about":[{"href":"https:\/\/hakimiyyet.info.az\/index.php?rest_route=\/wp\/v2\/types\/post"}],"author":[{"embeddable":true,"href":"https:\/\/hakimiyyet.info.az\/index.php?rest_route=\/wp\/v2\/users\/1"}],"replies":[{"embeddable":true,"href":"https:\/\/hakimiyyet.info.az\/index.php?rest_route=%2Fwp%2Fv2%2Fcomments&post=56440"}],"version-history":[{"count":0,"href":"https:\/\/hakimiyyet.info.az\/index.php?rest_route=\/wp\/v2\/posts\/56440\/revisions"}],"wp:featuredmedia":[{"embeddable":true,"href":"https:\/\/hakimiyyet.info.az\/index.php?rest_route=\/wp\/v2\/media\/56441"}],"wp:attachment":[{"href":"https:\/\/hakimiyyet.info.az\/index.php?rest_route=%2Fwp%2Fv2%2Fmedia&parent=56440"}],"wp:term":[{"taxonomy":"category","embeddable":true,"href":"https:\/\/hakimiyyet.info.az\/index.php?rest_route=%2Fwp%2Fv2%2Fcategories&post=56440"},{"taxonomy":"post_tag","embeddable":true,"href":"https:\/\/hakimiyyet.info.az\/index.php?rest_route=%2Fwp%2Fv2%2Ftags&post=56440"}],"curies":[{"name":"wp","href":"https:\/\/api.w.org\/{rel}","templated":true}]}}