{"id":56446,"date":"2020-05-25T18:24:08","date_gmt":"2020-05-25T14:24:08","guid":{"rendered":"http:\/\/hakimiyyet.info.az\/2019\/56446"},"modified":"2020-05-25T18:24:08","modified_gmt":"2020-05-25T14:24:08","slug":"prezident-ilham-%c9%99liyev-samaxiya-ayrilan-n%c9%99qliyyat-vasit%c9%99l%c9%99ri-v%c9%99-xususi-texnikalarla-tanis-olub","status":"publish","type":"post","link":"https:\/\/hakimiyyet.info.az\/?p=56446","title":{"rendered":"Prezident \u0130lham \u018fliyev \u015eamax\u0131ya ayr\u0131lan n\u0259qliyyat vasit\u0259l\u0259ri v\u0259 x\u00fcsusi texnikalarla tan\u0131\u015f olub"},"content":{"rendered":"<p>\u201cHakimiyyet.com\u201d x\u0259b\u0259r verir ki, <\/p>\n<div>\n<p class=\"MsoNormal\"><span lang=\"AZ-LATIN\" style=\"font-size: 14.0pt; line-height: 115%; font-family: Tahoma; mso-ansi-language: AZ-LATIN;\">Az\u0259rbaycan Respublikas\u0131n\u0131n Prezidenti \u0130lham \u018fliyev v\u0259 birinci xan\u0131m Mehriban \u018fliyeva may\u0131n 25-d\u0259 \u015eamax\u0131 rayonuna ayr\u0131lan n\u0259qliyyat vasit\u0259l\u0259ri v\u0259 x\u00fcsusi texnikalara baxd\u0131lar.<\/span><\/p>\n<p class=\"MsoNormal\"><span lang=\"AZ-LATIN\" style=\"font-size: 14.0pt; line-height: 115%; font-family: Tahoma; mso-ansi-language: AZ-LATIN;\"><a href=\"https:\/\/apa.az\" target=\"_blank\" style=\"display: inline !important;\" rel=\"noopener noreferrer\">APA<\/a>-n\u0131n x\u0259b\u0259rin\u0259 g\u00f6r\u0259, s\u0259rni\u015finda\u015f\u0131man\u0131n laz\u0131mi s\u0259viyy\u0259d\u0259 t\u0259\u015fkili \u00fc\u00e7\u00fcn rayona 10 s\u0259rni\u015fin avtobusu ayr\u0131l\u0131b, bundan \u0259lav\u0259, kommunal t\u0259s\u0259rr\u00fcfat texnikalar\u0131 da al\u0131n\u0131b. <\/span><\/p>\n<p class=\"MsoNormal\"><span lang=\"AZ-LATIN\" style=\"font-size: 14.0pt; line-height: 115%; font-family: Tahoma; mso-ansi-language: AZ-LATIN;\">H\u0259m\u00e7inin t\u0259cili tibbi yard\u0131m avtomobill\u0259ri v\u0259 dig\u0259r a\u011f\u0131r texnika da rayonun ixtiyar\u0131na verilib.<\/span><\/p>\n<p class=\"MsoNormal\"><span lang=\"AZ-LATIN\" style=\"font-size: 14.0pt; line-height: 115%; font-family: Tahoma; mso-ansi-language: AZ-LATIN;\">Prezident \u0130lham \u018fliyev \u00f6lk\u0259nin ba\u015fqa \u015f\u0259h\u0259rl\u0259rinin d\u0259 bel\u0259 texnika v\u0259 n\u0259qliyyat vasit\u0259l\u0259ri il\u0259 t\u0259chizat\u0131n\u0131 t\u0259\u015fkil etm\u0259k \u00fc\u00e7\u00fcn t\u0259klifl\u0259r haz\u0131rlanmas\u0131 bar\u0259d\u0259 tap\u015f\u0131r\u0131q verdi.<\/span><\/p>\n<\/p><\/div>\n","protected":false},"excerpt":{"rendered":"<p>\u201cHakimiyyet.com\u201d x\u0259b\u0259r verir ki, Az\u0259rbaycan Respublikas\u0131n\u0131n Prezidenti \u0130lham \u018fliyev v\u0259 birinci xan\u0131m Mehriban \u018fliyeva may\u0131n 25-d\u0259 \u015eamax\u0131 rayonuna ayr\u0131lan n\u0259qliyyat&hellip;<\/p>\n","protected":false},"author":1,"featured_media":56447,"comment_status":"closed","ping_status":"closed","sticky":false,"template":"","format":"standard","meta":{"om_disable_all_campaigns":false,"_monsterinsights_skip_tracking":false,"_uf_show_specific_survey":0,"_uf_disable_surveys":false,"footnotes":""},"categories":[23,5],"tags":[],"aioseo_notices":[],"_links":{"self":[{"href":"https:\/\/hakimiyyet.info.az\/index.php?rest_route=\/wp\/v2\/posts\/56446"}],"collection":[{"href":"https:\/\/hakimiyyet.info.az\/index.php?rest_route=\/wp\/v2\/posts"}],"about":[{"href":"https:\/\/hakimiyyet.info.az\/index.php?rest_route=\/wp\/v2\/types\/post"}],"author":[{"embeddable":true,"href":"https:\/\/hakimiyyet.info.az\/index.php?rest_route=\/wp\/v2\/users\/1"}],"replies":[{"embeddable":true,"href":"https:\/\/hakimiyyet.info.az\/index.php?rest_route=%2Fwp%2Fv2%2Fcomments&post=56446"}],"version-history":[{"count":0,"href":"https:\/\/hakimiyyet.info.az\/index.php?rest_route=\/wp\/v2\/posts\/56446\/revisions"}],"wp:featuredmedia":[{"embeddable":true,"href":"https:\/\/hakimiyyet.info.az\/index.php?rest_route=\/wp\/v2\/media\/56447"}],"wp:attachment":[{"href":"https:\/\/hakimiyyet.info.az\/index.php?rest_route=%2Fwp%2Fv2%2Fmedia&parent=56446"}],"wp:term":[{"taxonomy":"category","embeddable":true,"href":"https:\/\/hakimiyyet.info.az\/index.php?rest_route=%2Fwp%2Fv2%2Fcategories&post=56446"},{"taxonomy":"post_tag","embeddable":true,"href":"https:\/\/hakimiyyet.info.az\/index.php?rest_route=%2Fwp%2Fv2%2Ftags&post=56446"}],"curies":[{"name":"wp","href":"https:\/\/api.w.org\/{rel}","templated":true}]}}