{"id":56456,"date":"2020-05-25T18:47:40","date_gmt":"2020-05-25T14:47:40","guid":{"rendered":"http:\/\/hakimiyyet.info.az\/2019\/56456"},"modified":"2020-05-25T18:47:40","modified_gmt":"2020-05-25T14:47:40","slug":"aleksandr-lukasenko-prezident-ilham-%c9%99liyevi-t%c9%99brik-edib","status":"publish","type":"post","link":"https:\/\/hakimiyyet.info.az\/?p=56456","title":{"rendered":"Aleksandr Luka\u015fenko Prezident \u0130lham \u018fliyevi t\u0259brik edib"},"content":{"rendered":"<p>\u201cHakimiyyet.com\u201d x\u0259b\u0259r verir ki, <\/p>\n<div>\n<p>Belarus Respublikas\u0131n\u0131n Prezidenti Aleksandr Luka\u015fenko Az\u0259rbaycan Respublikas\u0131n\u0131n Prezidenti\u00a0 \u0130lham \u018fliyev\u0259 t\u0259brik m\u0259ktubu \u00fcnvanlay\u0131b.<\/p>\n<p><a href=\"https:\/\/apa.az\" target=\"_blank\" style=\"display: inline !important;\" rel=\"noopener noreferrer\">APA<\/a>-n\u0131n m\u0259lumat\u0131na g\u00f6r\u0259, t\u0259brik m\u0259ktubunda deyilir:<\/p>\n<p>\u201cH\u00f6rm\u0259tli \u0130lham Heyd\u0259r o\u011flu.<\/p>\n<p>Milli bayram\u0131n\u0131z \u2013 Respublika G\u00fcn\u00fc m\u00fcnasib\u0259til\u0259 s\u0259mimi t\u0259brikl\u0259rimi q\u0259bul edin.<\/p>\n<p>Az\u0259rbaycan\u0131n ictimai h\u0259yat\u0131n b\u00fct\u00fcn sah\u0259l\u0259rind\u0259 \u0259ld\u0259 etdiyi u\u011furlu keyfiyy\u0259t d\u0259yi\u015fiklikl\u0259rin\u0259 g\u00f6r\u0259 \u00fcr\u0259kd\u0259n \u015fadam. \u00d6lk\u0259nizin iqtisadi, sosial v\u0259 dig\u0259r sah\u0259l\u0259rd\u0259 n\u00fcmayi\u015f etdirdiyi sanball\u0131 nailiyy\u0259tl\u0259r beyn\u0259lxalq al\u0259md\u0259 etiraf edilib v\u0259 d\u00f6vl\u0259tinizin d\u00fcnya arenas\u0131nda m\u00f6vqel\u0259rinin m\u00f6hk\u0259ml\u0259nm\u0259sin\u0259 \u015f\u0259rait yarad\u0131b.<\/p>\n<p>Strateji t\u0259r\u0259fda\u015fl\u0131q, dostluq v\u0259 m\u00fctt\u0259fiqlik ruhunda inki\u015faf ed\u0259n Belarus-Az\u0259rbaycan m\u00fcnasib\u0259tl\u0259rinin \u0259sas\u0131na \u00e7evrilmi\u015f etimad v\u0259 qar\u015f\u0131l\u0131ql\u0131 anla\u015fman\u0131n y\u00fcks\u0259k s\u0259viyy\u0259d\u0259 olmas\u0131n\u0131 qeyd etm\u0259kd\u0259n f\u0259r\u0259h duyuram.<\/p>\n<p>\u018fmin\u0259m ki, Belarus il\u0259 Az\u0259rbaycan aras\u0131nda uzunm\u00fcdd\u0259tli s\u0259m\u0259r\u0259li \u0259laq\u0259l\u0259rin m\u00f6hk\u0259ml\u0259nm\u0259sin\u0259 Sizin sanball\u0131 t\u00f6hf\u0259niz \u00f6lk\u0259l\u0259rimizin \u0259halisinin rifah\u0131 namin\u0259 ikit\u0259r\u0259fli \u0259m\u0259kda\u015fl\u0131q potensial\u0131n\u0131 realla\u015fd\u0131rma\u011fa k\u00f6m\u0259k ed\u0259c\u0259k.<\/p>\n<p>H\u00f6rm\u0259tli \u0130lham Heyd\u0259r o\u011flu, Siz\u0259 m\u00f6hk\u0259m cansa\u011fl\u0131\u011f\u0131, h\u0259yat enerjisi, yeni u\u011furlar v\u0259 nailiyy\u0259tl\u0259r, Az\u0259rbaycan xalq\u0131na s\u00fclh v\u0259 firavanl\u0131q arzu edir\u0259m\u201d.<\/p>\n<p>\u00a0<\/p>\n<p>\u00a0<\/p>\n<\/p><\/div>\n","protected":false},"excerpt":{"rendered":"<p>\u201cHakimiyyet.com\u201d x\u0259b\u0259r verir ki, Belarus Respublikas\u0131n\u0131n Prezidenti Aleksandr Luka\u015fenko Az\u0259rbaycan Respublikas\u0131n\u0131n Prezidenti\u00a0 \u0130lham \u018fliyev\u0259 t\u0259brik m\u0259ktubu \u00fcnvanlay\u0131b. APA-n\u0131n m\u0259lumat\u0131na g\u00f6r\u0259,&hellip;<\/p>\n","protected":false},"author":1,"featured_media":56457,"comment_status":"closed","ping_status":"closed","sticky":false,"template":"","format":"standard","meta":{"om_disable_all_campaigns":false,"_monsterinsights_skip_tracking":false,"_uf_show_specific_survey":0,"_uf_disable_surveys":false,"footnotes":""},"categories":[23,5],"tags":[],"aioseo_notices":[],"_links":{"self":[{"href":"https:\/\/hakimiyyet.info.az\/index.php?rest_route=\/wp\/v2\/posts\/56456"}],"collection":[{"href":"https:\/\/hakimiyyet.info.az\/index.php?rest_route=\/wp\/v2\/posts"}],"about":[{"href":"https:\/\/hakimiyyet.info.az\/index.php?rest_route=\/wp\/v2\/types\/post"}],"author":[{"embeddable":true,"href":"https:\/\/hakimiyyet.info.az\/index.php?rest_route=\/wp\/v2\/users\/1"}],"replies":[{"embeddable":true,"href":"https:\/\/hakimiyyet.info.az\/index.php?rest_route=%2Fwp%2Fv2%2Fcomments&post=56456"}],"version-history":[{"count":0,"href":"https:\/\/hakimiyyet.info.az\/index.php?rest_route=\/wp\/v2\/posts\/56456\/revisions"}],"wp:featuredmedia":[{"embeddable":true,"href":"https:\/\/hakimiyyet.info.az\/index.php?rest_route=\/wp\/v2\/media\/56457"}],"wp:attachment":[{"href":"https:\/\/hakimiyyet.info.az\/index.php?rest_route=%2Fwp%2Fv2%2Fmedia&parent=56456"}],"wp:term":[{"taxonomy":"category","embeddable":true,"href":"https:\/\/hakimiyyet.info.az\/index.php?rest_route=%2Fwp%2Fv2%2Fcategories&post=56456"},{"taxonomy":"post_tag","embeddable":true,"href":"https:\/\/hakimiyyet.info.az\/index.php?rest_route=%2Fwp%2Fv2%2Ftags&post=56456"}],"curies":[{"name":"wp","href":"https:\/\/api.w.org\/{rel}","templated":true}]}}