{"id":56464,"date":"2020-05-25T19:00:07","date_gmt":"2020-05-25T15:00:07","guid":{"rendered":"https:\/\/www.hakimiyyet.com\/2019\/56464"},"modified":"2020-05-25T19:00:07","modified_gmt":"2020-05-25T15:00:07","slug":"venesiya-kinofestivalinin-vaxti-d%c9%99yisdirilm%c9%99y%c9%99c%c9%99k","status":"publish","type":"post","link":"https:\/\/hakimiyyet.info.az\/?p=56464","title":{"rendered":"Venesiya kinofestival\u0131n\u0131n vaxt\u0131 d\u0259yi\u015fdirilm\u0259y\u0259c\u0259k"},"content":{"rendered":"<p>\u201cHakimiyyet.com\u201d x\u0259b\u0259r verir ki, <\/p>\n<div>\n<p>Venesiya Festival\u0131nda kino bax\u0131\u015f\u0131 planla\u015fd\u0131r\u0131ld\u0131\u011f\u0131 kimi, sentyabr\u0131n 2-d\u0259n 12-d\u0259k ke\u00e7iril\u0259c\u0259k.\u00a0<\/p>\n<p><a href=\"https:\/\/apa.az\" target=\"_blank\" style=\"display: inline !important;\" rel=\"noopener noreferrer\">APA<\/a>-n\u0131n \u201cR\u0130A Novsoti\u201dy\u0259 istinad\u0259n verdiyi x\u0259b\u0259r\u0259 g\u00f6r\u0259, 77-ci Venesiya kinofestival\u0131 koronavirus pandemiyas\u0131ndan sonra ke\u00e7iril\u0259n ilk geni\u015fmiqyasl\u0131 kino hadis\u0259si olacaq.<\/p>\n<p>Venesiya vilay\u0259tinin Terevizo \u0259yal\u0259tinin qubernatoru Luka Dzayya bildirib ki, t\u0259dbir qrafik\u0259 uy\u011fun ba\u015f tutacaq.\u00a0<\/p>\n<p>Venesiya kinofestival\u0131 1932-ci ild\u0259n ke\u00e7irilir. Onun da Kann kinofestival\u0131 kimi COV\u0130D-19 \u00fcz\u00fcnd\u0259n t\u0259xir\u0259 sal\u0131naca\u011f\u0131 d\u00fc\u015f\u00fcn\u00fcl\u00fcrd\u00fc. Yerli m\u0259tbuat\u0131n bildirdiyin\u0259 g\u00f6r\u0259, pandemiya il\u0259 \u0259laq\u0259dar bir \u00e7ox layih\u0259l\u0259r t\u0259xir\u0259 sal\u0131nd\u0131\u011f\u0131 \u00fc\u00e7\u00fcn bu il Venesiyada \u0259vv\u0259lki ill\u0259rd\u0259n f\u0259rqli olaraq az film n\u00fcmayi\u015f edil\u0259c\u0259k. Festival\u0131n proqram\u0131 iyul ay\u0131nda a\u00e7\u0131qlanacaq.<\/p>\n<p>Qeyd ed\u0259k ki, bu il \u0259ks\u0259r festivallar t\u0259xir\u0259 sal\u0131n\u0131b.\u00a0<\/p>\n<\/p><\/div>\n","protected":false},"excerpt":{"rendered":"<p>\u201cHakimiyyet.com\u201d x\u0259b\u0259r verir ki, Venesiya Festival\u0131nda kino bax\u0131\u015f\u0131 planla\u015fd\u0131r\u0131ld\u0131\u011f\u0131 kimi, sentyabr\u0131n 2-d\u0259n 12-d\u0259k ke\u00e7iril\u0259c\u0259k.\u00a0 APA-n\u0131n \u201cR\u0130A Novsoti\u201dy\u0259 istinad\u0259n verdiyi x\u0259b\u0259r\u0259&hellip;<\/p>\n","protected":false},"author":1,"featured_media":56465,"comment_status":"closed","ping_status":"closed","sticky":false,"template":"","format":"standard","meta":{"om_disable_all_campaigns":false,"_monsterinsights_skip_tracking":false,"_uf_show_specific_survey":0,"_uf_disable_surveys":false,"footnotes":""},"categories":[23,5],"tags":[],"aioseo_notices":[],"_links":{"self":[{"href":"https:\/\/hakimiyyet.info.az\/index.php?rest_route=\/wp\/v2\/posts\/56464"}],"collection":[{"href":"https:\/\/hakimiyyet.info.az\/index.php?rest_route=\/wp\/v2\/posts"}],"about":[{"href":"https:\/\/hakimiyyet.info.az\/index.php?rest_route=\/wp\/v2\/types\/post"}],"author":[{"embeddable":true,"href":"https:\/\/hakimiyyet.info.az\/index.php?rest_route=\/wp\/v2\/users\/1"}],"replies":[{"embeddable":true,"href":"https:\/\/hakimiyyet.info.az\/index.php?rest_route=%2Fwp%2Fv2%2Fcomments&post=56464"}],"version-history":[{"count":0,"href":"https:\/\/hakimiyyet.info.az\/index.php?rest_route=\/wp\/v2\/posts\/56464\/revisions"}],"wp:featuredmedia":[{"embeddable":true,"href":"https:\/\/hakimiyyet.info.az\/index.php?rest_route=\/wp\/v2\/media\/56465"}],"wp:attachment":[{"href":"https:\/\/hakimiyyet.info.az\/index.php?rest_route=%2Fwp%2Fv2%2Fmedia&parent=56464"}],"wp:term":[{"taxonomy":"category","embeddable":true,"href":"https:\/\/hakimiyyet.info.az\/index.php?rest_route=%2Fwp%2Fv2%2Fcategories&post=56464"},{"taxonomy":"post_tag","embeddable":true,"href":"https:\/\/hakimiyyet.info.az\/index.php?rest_route=%2Fwp%2Fv2%2Ftags&post=56464"}],"curies":[{"name":"wp","href":"https:\/\/api.w.org\/{rel}","templated":true}]}}