{"id":56481,"date":"2020-05-25T21:05:00","date_gmt":"2020-05-25T17:05:00","guid":{"rendered":"https:\/\/www.amimb.net\/?p=56481"},"modified":"2020-05-25T21:05:00","modified_gmt":"2020-05-25T17:05:00","slug":"ilham-%c9%99liyev-samaxida-tikil%c9%99n-coxm%c9%99nzilli-binalarda-yaradilan-s%c9%99raitl%c9%99-tanis-olub","status":"publish","type":"post","link":"https:\/\/hakimiyyet.info.az\/?p=56481","title":{"rendered":"\u0130lham \u018fliyev \u015eamax\u0131da tikil\u0259n \u00e7oxm\u0259nzilli binalarda yarad\u0131lan \u015f\u0259raitl\u0259 tan\u0131\u015f olub"},"content":{"rendered":"<div id=\"\"><span>Macar\u0131stan\u0131n Prezidenti Yano\u015f Aderd\u0259n<\/span><\/p>\n<p>Az\u0259rbaycan Respublikas\u0131n\u0131n Prezidenti Zati-alil\u0259ri c\u0259nab \u0130lham \u018fliyev\u0259<\/p>\n<p>H\u00f6rm\u0259tli c\u0259nab Prezident.<\/p>\n<p>\u0130caz\u0259 verin, Sizi v\u0259 Az\u0259rbaycan xalq\u0131n\u0131 milli bayram\u0131n\u0131z \u2013 Respublika G\u00fcn\u00fc m\u00fcnasib\u0259til\u0259 t\u0259brik edim.<\/p>\n<p>Az\u0259rbaycan bizim \u00fc\u00e7\u00fcn yaln\u0131z strateji t\u0259r\u0259fda\u015f &#8230;<\/p>\n<p><span class=\"text_body-date\">25 may 2020, 15:25<\/span><\/div>\n","protected":false},"excerpt":{"rendered":"<p>Macar\u0131stan\u0131n Prezidenti Yano\u015f Aderd\u0259n Az\u0259rbaycan Respublikas\u0131n\u0131n Prezidenti Zati-alil\u0259ri c\u0259nab \u0130lham \u018fliyev\u0259 H\u00f6rm\u0259tli c\u0259nab Prezident. \u0130caz\u0259 verin, Sizi v\u0259 Az\u0259rbaycan xalq\u0131n\u0131&hellip;<\/p>\n","protected":false},"author":1,"featured_media":56482,"comment_status":"closed","ping_status":"closed","sticky":false,"template":"","format":"standard","meta":{"om_disable_all_campaigns":false,"_monsterinsights_skip_tracking":false,"_uf_show_specific_survey":0,"_uf_disable_surveys":false,"footnotes":""},"categories":[3,34],"tags":[],"aioseo_notices":[],"_links":{"self":[{"href":"https:\/\/hakimiyyet.info.az\/index.php?rest_route=\/wp\/v2\/posts\/56481"}],"collection":[{"href":"https:\/\/hakimiyyet.info.az\/index.php?rest_route=\/wp\/v2\/posts"}],"about":[{"href":"https:\/\/hakimiyyet.info.az\/index.php?rest_route=\/wp\/v2\/types\/post"}],"author":[{"embeddable":true,"href":"https:\/\/hakimiyyet.info.az\/index.php?rest_route=\/wp\/v2\/users\/1"}],"replies":[{"embeddable":true,"href":"https:\/\/hakimiyyet.info.az\/index.php?rest_route=%2Fwp%2Fv2%2Fcomments&post=56481"}],"version-history":[{"count":0,"href":"https:\/\/hakimiyyet.info.az\/index.php?rest_route=\/wp\/v2\/posts\/56481\/revisions"}],"wp:featuredmedia":[{"embeddable":true,"href":"https:\/\/hakimiyyet.info.az\/index.php?rest_route=\/wp\/v2\/media\/56482"}],"wp:attachment":[{"href":"https:\/\/hakimiyyet.info.az\/index.php?rest_route=%2Fwp%2Fv2%2Fmedia&parent=56481"}],"wp:term":[{"taxonomy":"category","embeddable":true,"href":"https:\/\/hakimiyyet.info.az\/index.php?rest_route=%2Fwp%2Fv2%2Fcategories&post=56481"},{"taxonomy":"post_tag","embeddable":true,"href":"https:\/\/hakimiyyet.info.az\/index.php?rest_route=%2Fwp%2Fv2%2Ftags&post=56481"}],"curies":[{"name":"wp","href":"https:\/\/api.w.org\/{rel}","templated":true}]}}