{"id":56496,"date":"2020-05-25T21:00:00","date_gmt":"2020-05-25T17:00:00","guid":{"rendered":"https:\/\/www.amimb.net\/2019\/56496"},"modified":"2020-05-25T21:00:00","modified_gmt":"2020-05-25T17:00:00","slug":"kanadanin-general-qubernatoru-juli-peyetd%c9%99n","status":"publish","type":"post","link":"https:\/\/hakimiyyet.info.az\/?p=56496","title":{"rendered":"Kanadan\u0131n General-Qubernatoru J\u00fcli Peyetd\u0259n"},"content":{"rendered":"<div>\n<div class=\"news_paragraph-block\">\n<p><span style=\"background-color: transparent; -webkit-tap-highlight-color: transparent; -webkit-text-size-adjust: 100%;\">Az\u0259rbaycan Respublikas\u0131n\u0131n Prezidenti Zati-alil\u0259ri c\u0259nab \u0130lham \u018fliyev\u0259<\/span><\/p>\n<p>Zati-alil\u0259ri, c\u0259nab Prezident.<\/p>\n<p>Az\u0259rbaycan Xalq C\u00fcmhuriyy\u0259tinin qurulmas\u0131n\u0131n 102-ci ild\u00f6n\u00fcm\u00fc m\u00fcnasib\u0259til\u0259 b\u00fct\u00fcn kanadal\u0131lar ad\u0131ndan Siz\u0259 v\u0259 xalq\u0131n\u0131za \u0259n xo\u015f arzular\u0131m\u0131 yetirir\u0259m.<\/p>\n<p>Bu \u0259lam\u0259tdar g\u00fcn biz\u0259 beyn\u0259lxalq \u0259m\u0259kda\u015fl\u0131\u011f\u0131m\u0131z\u0131, t\u0259hsil m\u00fcbadil\u0259si v\u0259 ticar\u0259t sah\u0259l\u0259rind\u0259 \u0259laq\u0259l\u0259rimizi, el\u0259c\u0259 d\u0259 qad\u0131nlar\u0131n s\u0259lahiyy\u0259tl\u0259rinin art\u0131r\u0131lmas\u0131, demokratiya v\u0259 qanunun aliliyi kimi prinsipl\u0259r\u0259 birg\u0259 sadiqliyimizi qeyd etm\u0259k imkan\u0131 verir. F\u0259al Az\u0259rbaycan-Kanada c\u0259miyy\u0259tin\u0259 \u0259saslanan xalqlararas\u0131 \u0259laq\u0259l\u0259rimiz ikit\u0259r\u0259fli \u0259m\u0259kda\u015fl\u0131\u011f\u0131m\u0131z\u0131n m\u00f6hk\u0259m t\u0259m\u0259lini t\u0259\u015fkil edir v\u0259 bizim \u00e7ox\u015fax\u0259li c\u0259miyy\u0259timiz\u0259 v\u0259 firavanl\u0131\u011fa \u00f6z t\u00f6hf\u0259sini verm\u0259kd\u0259dir.<\/p>\n<p>Bununla yana\u015f\u0131, Kanada Az\u0259rbaycan\u0131n \u0259traf m\u00fchitin idar\u0259 olunmas\u0131n\u0131n yax\u015f\u0131la\u015fd\u0131r\u0131lmas\u0131 v\u0259 iqlim d\u0259yi\u015fikliyinin yum\u015fald\u0131lmas\u0131 istiqam\u0259tind\u0259 davaml\u0131 s\u0259yl\u0259rini d\u0259st\u0259kl\u0259yir.<\/p>\n<p>Bizim h\u0259r birimizin \u00fczl\u0259\u015fdiyi COVID-19 pandemiyas\u0131 il\u0259 ba\u011fl\u0131 m\u0259hdudiyy\u0259tl\u0259r\u0259 baxmayaraq, Kanada Az\u0259rbaycan xalq\u0131 il\u0259 birg\u0259 \u00f6lk\u0259nizin m\u00fcst\u0259qilliyinin v\u0259 \u00fcmidverici g\u0259l\u0259c\u0259yinin qeyd olunmas\u0131na qo\u015fulur.<\/p>\n<p>S\u0259mimiyy\u0259tl\u0259,<\/p>\n<p>J\u00fcli Peyet<\/p>\n<p>Kanadan\u0131n General-Qubernatoru<\/p>\n<\/div>\n<\/div>\n","protected":false},"excerpt":{"rendered":"<p>Az\u0259rbaycan Respublikas\u0131n\u0131n Prezidenti Zati-alil\u0259ri c\u0259nab \u0130lham \u018fliyev\u0259 Zati-alil\u0259ri, c\u0259nab Prezident. Az\u0259rbaycan Xalq C\u00fcmhuriyy\u0259tinin qurulmas\u0131n\u0131n 102-ci ild\u00f6n\u00fcm\u00fc m\u00fcnasib\u0259til\u0259 b\u00fct\u00fcn kanadal\u0131lar ad\u0131ndan&hellip;<\/p>\n","protected":false},"author":1,"featured_media":56497,"comment_status":"closed","ping_status":"closed","sticky":false,"template":"","format":"standard","meta":{"om_disable_all_campaigns":false,"_monsterinsights_skip_tracking":false,"_uf_show_specific_survey":0,"_uf_disable_surveys":false,"footnotes":""},"categories":[3,34],"tags":[],"aioseo_notices":[],"_links":{"self":[{"href":"https:\/\/hakimiyyet.info.az\/index.php?rest_route=\/wp\/v2\/posts\/56496"}],"collection":[{"href":"https:\/\/hakimiyyet.info.az\/index.php?rest_route=\/wp\/v2\/posts"}],"about":[{"href":"https:\/\/hakimiyyet.info.az\/index.php?rest_route=\/wp\/v2\/types\/post"}],"author":[{"embeddable":true,"href":"https:\/\/hakimiyyet.info.az\/index.php?rest_route=\/wp\/v2\/users\/1"}],"replies":[{"embeddable":true,"href":"https:\/\/hakimiyyet.info.az\/index.php?rest_route=%2Fwp%2Fv2%2Fcomments&post=56496"}],"version-history":[{"count":0,"href":"https:\/\/hakimiyyet.info.az\/index.php?rest_route=\/wp\/v2\/posts\/56496\/revisions"}],"wp:featuredmedia":[{"embeddable":true,"href":"https:\/\/hakimiyyet.info.az\/index.php?rest_route=\/wp\/v2\/media\/56497"}],"wp:attachment":[{"href":"https:\/\/hakimiyyet.info.az\/index.php?rest_route=%2Fwp%2Fv2%2Fmedia&parent=56496"}],"wp:term":[{"taxonomy":"category","embeddable":true,"href":"https:\/\/hakimiyyet.info.az\/index.php?rest_route=%2Fwp%2Fv2%2Fcategories&post=56496"},{"taxonomy":"post_tag","embeddable":true,"href":"https:\/\/hakimiyyet.info.az\/index.php?rest_route=%2Fwp%2Fv2%2Ftags&post=56496"}],"curies":[{"name":"wp","href":"https:\/\/api.w.org\/{rel}","templated":true}]}}