{"id":56506,"date":"2020-05-25T21:32:44","date_gmt":"2020-05-25T17:32:44","guid":{"rendered":"http:\/\/hakimiyyet.info.az\/2019\/56506"},"modified":"2020-05-25T21:32:44","modified_gmt":"2020-05-25T17:32:44","slug":"naxcivan-baki-naxcivan-t%c9%99yyar%c9%99-reysl%c9%99rinin-b%c9%99rpasi-il%c9%99-bagli-operativ-q%c9%99rargaha-muraci%c9%99t-edilib","status":"publish","type":"post","link":"https:\/\/hakimiyyet.info.az\/?p=56506","title":{"rendered":"Nax\u00e7\u0131van-Bak\u0131-Nax\u00e7\u0131van t\u0259yyar\u0259 reysl\u0259rinin b\u0259rpas\u0131 il\u0259 ba\u011fl\u0131 Operativ Q\u0259rargaha m\u00fcraci\u0259t edilib"},"content":{"rendered":"<p>\u201cHakimiyyet.com\u201d x\u0259b\u0259r verir ki, <\/p>\n<div>\n<p>\u00a0<\/p>\n<p>Bak\u0131 \u015f\u0259h\u0259rind\u0259 Nax\u00e7\u0131van Muxtar Respublikas\u0131n\u0131n daimi n\u00fcmay\u0259nd\u0259liyinin r\u0259hb\u0259ri B\u0259xtiyar \u018fsg\u0259rov Az\u0259rbaycan Respublikas\u0131 Nazirl\u0259r Kabineti yan\u0131nda Operativ Q\u0259rargaha m\u00fcraci\u0259t edib.<\/p>\n<p><a href=\"https:\/\/apa.az\" target=\"_blank\" style=\"display: inline !important;\" rel=\"noopener noreferrer\">APA<\/a> n\u00fcmay\u0259nd\u0259liyin sayt\u0131na istinad\u0259n x\u0259b\u0259r verir ki, n\u00fcmay\u0259nd\u0259liy\u0259 olan \u00e7oxsayl\u0131 m\u00fcraci\u0259tl\u0259rl\u0259 \u0259laq\u0259dar B.\u018fsg\u0259rov Nax\u00e7\u0131van-Bak\u0131-Nax\u00e7\u0131van istiqam\u0259tind\u0259 t\u0259yyar\u0259 reysl\u0259rinin b\u0259rpas\u0131 il\u0259 ba\u011fl\u0131 m\u0259ktubla m\u00fcraci\u0259t edib.<\/p>\n<p>Qeyd ed\u0259k ki,2020-ci il aprel ay\u0131n\u0131n 5-d\u0259 COV\u0130D-19 infeksiyas\u0131n\u0131n yay\u0131lmas\u0131n\u0131n qar\u015f\u0131s\u0131n\u0131n al\u0131nmas\u0131 m\u0259qs\u0259dil\u0259, Nax\u00e7\u0131van-Bak\u0131-Nax\u00e7\u0131van istiqam\u0259tind\u0259 t\u0259yyar\u0259 reysl\u0259ri dayand\u0131r\u0131l\u0131b.<\/p>\n<p>\u00a0<\/p>\n<\/p><\/div>\n","protected":false},"excerpt":{"rendered":"<p>\u201cHakimiyyet.com\u201d x\u0259b\u0259r verir ki, \u00a0 Bak\u0131 \u015f\u0259h\u0259rind\u0259 Nax\u00e7\u0131van Muxtar Respublikas\u0131n\u0131n daimi n\u00fcmay\u0259nd\u0259liyinin r\u0259hb\u0259ri B\u0259xtiyar \u018fsg\u0259rov Az\u0259rbaycan Respublikas\u0131 Nazirl\u0259r Kabineti yan\u0131nda&hellip;<\/p>\n","protected":false},"author":1,"featured_media":56507,"comment_status":"closed","ping_status":"closed","sticky":false,"template":"","format":"standard","meta":{"om_disable_all_campaigns":false,"_monsterinsights_skip_tracking":false,"_uf_show_specific_survey":0,"_uf_disable_surveys":false,"footnotes":""},"categories":[23,5],"tags":[],"aioseo_notices":[],"_links":{"self":[{"href":"https:\/\/hakimiyyet.info.az\/index.php?rest_route=\/wp\/v2\/posts\/56506"}],"collection":[{"href":"https:\/\/hakimiyyet.info.az\/index.php?rest_route=\/wp\/v2\/posts"}],"about":[{"href":"https:\/\/hakimiyyet.info.az\/index.php?rest_route=\/wp\/v2\/types\/post"}],"author":[{"embeddable":true,"href":"https:\/\/hakimiyyet.info.az\/index.php?rest_route=\/wp\/v2\/users\/1"}],"replies":[{"embeddable":true,"href":"https:\/\/hakimiyyet.info.az\/index.php?rest_route=%2Fwp%2Fv2%2Fcomments&post=56506"}],"version-history":[{"count":0,"href":"https:\/\/hakimiyyet.info.az\/index.php?rest_route=\/wp\/v2\/posts\/56506\/revisions"}],"wp:featuredmedia":[{"embeddable":true,"href":"https:\/\/hakimiyyet.info.az\/index.php?rest_route=\/wp\/v2\/media\/56507"}],"wp:attachment":[{"href":"https:\/\/hakimiyyet.info.az\/index.php?rest_route=%2Fwp%2Fv2%2Fmedia&parent=56506"}],"wp:term":[{"taxonomy":"category","embeddable":true,"href":"https:\/\/hakimiyyet.info.az\/index.php?rest_route=%2Fwp%2Fv2%2Fcategories&post=56506"},{"taxonomy":"post_tag","embeddable":true,"href":"https:\/\/hakimiyyet.info.az\/index.php?rest_route=%2Fwp%2Fv2%2Ftags&post=56506"}],"curies":[{"name":"wp","href":"https:\/\/api.w.org\/{rel}","templated":true}]}}