{"id":56516,"date":"2020-05-25T21:00:00","date_gmt":"2020-05-25T17:00:00","guid":{"rendered":"http:\/\/hakimiyyet.info.az\/2019\/56516"},"modified":"2020-05-25T21:00:00","modified_gmt":"2020-05-25T17:00:00","slug":"isvecr%c9%99-konfederasiyasinin-prezidenti-simonetta-sommaruqadan","status":"publish","type":"post","link":"https:\/\/hakimiyyet.info.az\/?p=56516","title":{"rendered":"\u0130sve\u00e7r\u0259 Konfederasiyas\u0131n\u0131n Prezidenti Simonetta Sommaruqadan"},"content":{"rendered":"<p><span class=\"news_date\">25 may 2020, 17:00<\/span><\/p>\n<div>\n<div class=\"news_paragraph-block\">\n<p class=\"\"><span style=\"background-color: transparent; -webkit-tap-highlight-color: transparent; -webkit-text-size-adjust: 100%;\">Az\u0259rbaycan Respublikas\u0131n\u0131n Prezidenti Zati-alil\u0259ri c\u0259nab \u0130lham \u018fliyev\u0259<\/span><\/p>\n<p>Zati-alil\u0259ri.<\/p>\n<p>Milli bayram\u0131n\u0131z \u2013 Respublika G\u00fcn\u00fc m\u00fcnasib\u0259til\u0259 Siz\u0259 v\u0259 Az\u0259rbaycan xalq\u0131na \u0130sve\u00e7r\u0259 Federal \u015euras\u0131 v\u0259 \u0130sve\u00e7r\u0259 xalq\u0131 ad\u0131ndan s\u0259mimi t\u0259brikl\u0259rimi v\u0259 \u0259n xo\u015f arzular\u0131m\u0131 \u00e7atd\u0131r\u0131ram. Siz\u0259 v\u0259 \u00f6lk\u0259nizin v\u0259t\u0259nda\u015flar\u0131na xo\u015fb\u0259xtlik, rifah v\u0259 yeni-yeni u\u011furlar arzulay\u0131ram.<\/p>\n<p>\u00d6lk\u0259l\u0259rimiz aras\u0131nda yax\u015f\u0131, etibarl\u0131 \u0259laq\u0259l\u0259r biz\u0259 \u0259sas qlobal \u00e7a\u011f\u0131r\u0131\u015flar\u0131, x\u00fcsusil\u0259 beyn\u0259lxalq \u0259m\u0259kda\u015fl\u0131q v\u0259 h\u0259mr\u0259yliyin h\u0259r zamank\u0131ndan daha vacib oldu\u011fu bir vaxtda, haz\u0131rk\u0131 COVID-19 pandemiyas\u0131 d\u00f6vr\u00fcnd\u0259 birg\u0259 h\u0259ll etm\u0259y\u0259 imkan verir.<\/p>\n<p>M\u0259n bu il yanvar\u0131n 22-d\u0259 Davosda \u00f6lk\u0259l\u0259rimiz aras\u0131nda g\u00fccl\u00fc dostluq \u0259laq\u0259l\u0259rini yenil\u0259m\u0259y\u0259 imkan ver\u0259n fikir m\u00fcbadil\u0259mizi m\u0259mnuniyy\u0259tl\u0259 xat\u0131rlay\u0131ram.<\/p>\n<p>Zati-alil\u0259ri, \u0259n y\u00fcks\u0259k ehtiram\u0131m\u0131 q\u0259bul etm\u0259yinizi xahi\u015f edir\u0259m.<\/p>\n<p>H\u00f6rm\u0259tl\u0259,<\/p>\n<p>Simonetta Sommaruqa<\/p>\n<p><span style=\"background-color: transparent; -webkit-tap-highlight-color: transparent; -webkit-text-size-adjust: 100%;\">\u0130sve\u00e7r\u0259 Konfederasiyas\u0131n\u0131n Prezidenti<\/span>sve\u00e7r\u0259 Konfederasiyas\u0131n\u0131n Prezidenti Simonetta Sommaruqadan<\/p>\n<p>25.05.2020 [17:05] M\u018fKTUBLAR<\/p>\n<p>Az\u0259rbaycan Respublikas\u0131n\u0131n Prezidenti Zati-alil\u0259ri c\u0259nab \u0130lham \u018fliyev\u0259<\/p>\n<p>Zati-alil\u0259ri.<\/p>\n<p>Milli bayram\u0131n\u0131z \u2013 Respublika G\u00fcn\u00fc m\u00fcnasib\u0259til\u0259 Siz\u0259 v\u0259 Az\u0259rbaycan xalq\u0131na \u0130sve\u00e7r\u0259 Federal \u015euras\u0131 v\u0259 \u0130sve\u00e7r\u0259 xalq\u0131 ad\u0131ndan s\u0259mimi t\u0259brikl\u0259rimi v\u0259 \u0259n xo\u015f arzular\u0131m\u0131 \u00e7atd\u0131r\u0131ram. Siz\u0259 v\u0259 \u00f6lk\u0259nizin v\u0259t\u0259nda\u015flar\u0131na xo\u015fb\u0259xtlik, rifah v\u0259 yeni-yeni u\u011furlar arzulay\u0131ram.<\/p>\n<p>\u00d6lk\u0259l\u0259rimiz aras\u0131nda yax\u015f\u0131, etibarl\u0131 \u0259laq\u0259l\u0259r biz\u0259 \u0259sas qlobal \u00e7a\u011f\u0131r\u0131\u015flar\u0131, x\u00fcsusil\u0259 beyn\u0259lxalq \u0259m\u0259kda\u015fl\u0131q v\u0259 h\u0259mr\u0259yliyin h\u0259r zamank\u0131ndan daha vacib oldu\u011fu bir vaxtda, haz\u0131rk\u0131 COVID-19 pandemiyas\u0131 d\u00f6vr\u00fcnd\u0259 birg\u0259 h\u0259ll etm\u0259y\u0259 imkan verir.<\/p>\n<p>M\u0259n bu il yanvar\u0131n 22-d\u0259 Davosda \u00f6lk\u0259l\u0259rimiz aras\u0131nda g\u00fccl\u00fc dostluq \u0259laq\u0259l\u0259rini yenil\u0259m\u0259y\u0259 imkan ver\u0259n fikir m\u00fcbadil\u0259mizi m\u0259mnuniyy\u0259tl\u0259 xat\u0131rlay\u0131ram.<\/p>\n<p>Zati-alil\u0259ri, \u0259n y\u00fcks\u0259k ehtiram\u0131m\u0131 q\u0259bul etm\u0259yinizi xahi\u015f edir\u0259m.<\/p>\n<p>H\u00f6rm\u0259tl\u0259,<\/p>\n<p>Simonetta Sommaruqa<\/p>\n<p>\u0130sve\u00e7r\u0259 Konfederasiyas\u0131n\u0131n Prezidenti<\/p>\n<\/div>\n<\/div>\n","protected":false},"excerpt":{"rendered":"<p>25 may 2020, 17:00 Az\u0259rbaycan Respublikas\u0131n\u0131n Prezidenti Zati-alil\u0259ri c\u0259nab \u0130lham \u018fliyev\u0259 Zati-alil\u0259ri. Milli bayram\u0131n\u0131z \u2013 Respublika G\u00fcn\u00fc m\u00fcnasib\u0259til\u0259 Siz\u0259 v\u0259&hellip;<\/p>\n","protected":false},"author":1,"featured_media":56517,"comment_status":"closed","ping_status":"closed","sticky":false,"template":"","format":"standard","meta":{"om_disable_all_campaigns":false,"_monsterinsights_skip_tracking":false,"_uf_show_specific_survey":0,"_uf_disable_surveys":false,"footnotes":""},"categories":[3,34],"tags":[],"aioseo_notices":[],"_links":{"self":[{"href":"https:\/\/hakimiyyet.info.az\/index.php?rest_route=\/wp\/v2\/posts\/56516"}],"collection":[{"href":"https:\/\/hakimiyyet.info.az\/index.php?rest_route=\/wp\/v2\/posts"}],"about":[{"href":"https:\/\/hakimiyyet.info.az\/index.php?rest_route=\/wp\/v2\/types\/post"}],"author":[{"embeddable":true,"href":"https:\/\/hakimiyyet.info.az\/index.php?rest_route=\/wp\/v2\/users\/1"}],"replies":[{"embeddable":true,"href":"https:\/\/hakimiyyet.info.az\/index.php?rest_route=%2Fwp%2Fv2%2Fcomments&post=56516"}],"version-history":[{"count":0,"href":"https:\/\/hakimiyyet.info.az\/index.php?rest_route=\/wp\/v2\/posts\/56516\/revisions"}],"wp:featuredmedia":[{"embeddable":true,"href":"https:\/\/hakimiyyet.info.az\/index.php?rest_route=\/wp\/v2\/media\/56517"}],"wp:attachment":[{"href":"https:\/\/hakimiyyet.info.az\/index.php?rest_route=%2Fwp%2Fv2%2Fmedia&parent=56516"}],"wp:term":[{"taxonomy":"category","embeddable":true,"href":"https:\/\/hakimiyyet.info.az\/index.php?rest_route=%2Fwp%2Fv2%2Fcategories&post=56516"},{"taxonomy":"post_tag","embeddable":true,"href":"https:\/\/hakimiyyet.info.az\/index.php?rest_route=%2Fwp%2Fv2%2Ftags&post=56516"}],"curies":[{"name":"wp","href":"https:\/\/api.w.org\/{rel}","templated":true}]}}