{"id":56529,"date":"2020-05-25T22:33:49","date_gmt":"2020-05-25T18:33:49","guid":{"rendered":"http:\/\/hakimiyyet.info.az\/2019\/56529"},"modified":"2020-05-25T22:33:49","modified_gmt":"2020-05-25T18:33:49","slug":"g%c9%99nc%c9%99d%c9%99-yol-q%c9%99zasinda-yaralanan-s%c9%99xsl%c9%99rin-kimliyi-m%c9%99lum-olub-foto","status":"publish","type":"post","link":"https:\/\/hakimiyyet.info.az\/?p=56529","title":{"rendered":"G\u0259nc\u0259d\u0259 yol q\u0259zas\u0131nda yaralanan \u015f\u0259xsl\u0259rin kimliyi m\u0259lum olub &#8211; FOTO"},"content":{"rendered":"<p>\u201cHakimiyyet.com\u201d x\u0259b\u0259r verir ki, <\/p>\n<div>\n<p>G\u0259nc\u0259d\u0259 \u201cVAZ 2106 \u201d markal\u0131 avtomobilin 9 metrlik quyuya d\u00fc\u015fm\u0259si n\u0259tic\u0259sind\u0259 yaralanan \u015f\u0259xsl\u0259rin kimliyi m\u0259lum olub.<\/p>\n<p><a href=\"https:\/\/apa.az\" target=\"_blank\" style=\"display: inline !important;\" rel=\"noopener noreferrer\">APA<\/a>-n\u0131n yerli b\u00fcrosunun m\u0259lumat\u0131na g\u00f6r\u0259, onlar 1985-ci il t\u0259v\u0259ll\u00fcdl\u00fc R\u0259c\u0259bov Fuad Kamran o\u011flu v\u0259 1990-c\u0131 il t\u0259v\u0259ll\u00fcdl\u00fc M\u0259mm\u0259dov Elmir Etibar o\u011fludur.\u00a0<\/p>\n<p>F.R\u0259c\u0259bovun v\u0259ziyy\u0259tinin a\u011f\u0131r oldu\u011fu bildirilib.<\/p>\n<p>***<\/p>\n<p><strong>22:00<\/strong><\/p>\n<p>G\u0259nc\u0259d\u0259 a\u011f\u0131r yol-n\u0259qliyyat hadis\u0259si ba\u015f verib.<\/p>\n<p><a href=\"https:\/\/apa.az\" target=\"_blank\" style=\"display: inline !important;\" rel=\"noopener noreferrer\">APA<\/a>-n\u0131n yerli b\u00fcrosunun m\u0259lumat\u0131na g\u00f6r\u0259, hadis\u0259 \u015f\u0259h\u0259rin Atab\u0259yl\u0259r prospektind\u0259 qeyd\u0259 al\u0131n\u0131b.<\/p>\n<p>H\u0259r\u0259k\u0259td\u0259 olan \u201cVAZ 2106 \u201d markal\u0131 avtomobil idar\u0259etm\u0259d\u0259n \u00e7\u0131xaraq yol k\u0259nar\u0131nda qaz\u0131lm\u0131\u015f 9 metr d\u0259rinliyind\u0259 olan quyuya d\u00fc\u015f\u00fcb.<\/p>\n<p>Daxili \u0130\u015fl\u0259r Nazirliyinin v\u0259 F\u00f6vq\u0259lad\u0259 Hallar Nazirliyinin \u0259m\u0259kda\u015flar\u0131, el\u0259c\u0259 d\u0259 h\u0259kim briqadas\u0131 hadis\u0259 yerin\u0259 c\u0259lb edilib.\u00a0<\/p>\n<p>\u018flav\u0259 m\u0259lumat veril\u0259c\u0259k.<\/p>\n<p>\u00a0<\/p>\n<\/p><\/div>\n","protected":false},"excerpt":{"rendered":"<p>\u201cHakimiyyet.com\u201d x\u0259b\u0259r verir ki, G\u0259nc\u0259d\u0259 \u201cVAZ 2106 \u201d markal\u0131 avtomobilin 9 metrlik quyuya d\u00fc\u015fm\u0259si n\u0259tic\u0259sind\u0259 yaralanan \u015f\u0259xsl\u0259rin kimliyi m\u0259lum olub.&hellip;<\/p>\n","protected":false},"author":1,"featured_media":56530,"comment_status":"closed","ping_status":"closed","sticky":false,"template":"","format":"standard","meta":{"om_disable_all_campaigns":false,"_monsterinsights_skip_tracking":false,"_uf_show_specific_survey":0,"_uf_disable_surveys":false,"footnotes":""},"categories":[23,5],"tags":[],"aioseo_notices":[],"_links":{"self":[{"href":"https:\/\/hakimiyyet.info.az\/index.php?rest_route=\/wp\/v2\/posts\/56529"}],"collection":[{"href":"https:\/\/hakimiyyet.info.az\/index.php?rest_route=\/wp\/v2\/posts"}],"about":[{"href":"https:\/\/hakimiyyet.info.az\/index.php?rest_route=\/wp\/v2\/types\/post"}],"author":[{"embeddable":true,"href":"https:\/\/hakimiyyet.info.az\/index.php?rest_route=\/wp\/v2\/users\/1"}],"replies":[{"embeddable":true,"href":"https:\/\/hakimiyyet.info.az\/index.php?rest_route=%2Fwp%2Fv2%2Fcomments&post=56529"}],"version-history":[{"count":0,"href":"https:\/\/hakimiyyet.info.az\/index.php?rest_route=\/wp\/v2\/posts\/56529\/revisions"}],"wp:featuredmedia":[{"embeddable":true,"href":"https:\/\/hakimiyyet.info.az\/index.php?rest_route=\/wp\/v2\/media\/56530"}],"wp:attachment":[{"href":"https:\/\/hakimiyyet.info.az\/index.php?rest_route=%2Fwp%2Fv2%2Fmedia&parent=56529"}],"wp:term":[{"taxonomy":"category","embeddable":true,"href":"https:\/\/hakimiyyet.info.az\/index.php?rest_route=%2Fwp%2Fv2%2Fcategories&post=56529"},{"taxonomy":"post_tag","embeddable":true,"href":"https:\/\/hakimiyyet.info.az\/index.php?rest_route=%2Fwp%2Fv2%2Ftags&post=56529"}],"curies":[{"name":"wp","href":"https:\/\/api.w.org\/{rel}","templated":true}]}}