{"id":56531,"date":"2020-05-25T22:39:41","date_gmt":"2020-05-25T18:39:41","guid":{"rendered":"http:\/\/hakimiyyet.info.az\/2019\/56531"},"modified":"2020-05-25T22:39:41","modified_gmt":"2020-05-25T18:39:41","slug":"b%c9%99zi-rayonlarda-yagis-yagib-balak%c9%99nd%c9%99-dolu-dusub-faktiki-hava","status":"publish","type":"post","link":"https:\/\/hakimiyyet.info.az\/?p=56531","title":{"rendered":"B\u0259zi rayonlarda ya\u011f\u0131\u015f ya\u011f\u0131b, Balak\u0259nd\u0259 dolu d\u00fc\u015f\u00fcb \u2013 FAKT\u0130K\u0130 HAVA"},"content":{"rendered":"<p>\u201cHakimiyyet.com\u201d x\u0259b\u0259r verir ki, <\/p>\n<div>\n<p>Bu g\u00fcn saat\u00a0 22:00-a olan m\u0259lumata \u0259sas\u0259n, Da\u015fk\u0259s\u0259n, G\u0259d\u0259b\u0259y, G\u00f6yg\u00f6l, G\u0259nc\u0259, \u015e\u0259mkir, Ceyran\u00e7\u00f6l, Tovuz, \u015eamax\u0131, Ming\u0259\u00e7evir, K\u00fcrd\u0259mir,\u00a0 Ki\u015f\u00e7ay(\u015e\u0259ki), Balak\u0259nd\u0259 \u015fim\u015f\u0259k \u00e7ax\u0131b, ya\u011f\u0131\u015f ya\u011f\u0131b.<\/p>\n<p>Milli Hidrometeorologiya Xidm\u0259tind\u0259m <a href=\"https:\/\/apa.az\" target=\"_blank\" style=\"display: inline !important;\" rel=\"noopener noreferrer\">APA<\/a>-ya veril\u0259n m\u0259lumata g\u00f6r\u0259, Balak\u0259nd\u0259 saat 18.50-18.53 rad\u0259l\u0259rind\u0259 diametri 12 mm olan dolu d\u00fc\u015f\u00fcb.<\/p>\n<p>***<\/p>\n<p><strong>18:44<\/strong><\/p>\n<p>Milli Hidrometeorologiya Xidm\u0259ti faktiki havan\u0131 a\u00e7\u0131qlay\u0131b.<\/p>\n<p>Xidm\u0259td\u0259n <a href=\"https:\/\/apa.az\" target=\"_blank\" style=\"display: inline !important;\" rel=\"noopener noreferrer\">APA<\/a>-ya bildirilib ki, saat 18:00-a olan m\u0259lumata \u0259sas\u0259n \u015e\u0259rur, \u015eahbuz, Ordubad,Da\u015fk\u0259s\u0259n, G\u0259d\u0259b\u0259y, Zaqatala, Yevlax, \u015e\u0259ki, A\u011fstafa, Nax\u00e7\u0131van, Balak\u0259nd\u0259 \u015fim\u015f\u0259k \u00e7ax\u0131b, ya\u011f\u0131\u015f ya\u011f\u0131b.<\/p>\n<\/p><\/div>\n","protected":false},"excerpt":{"rendered":"<p>\u201cHakimiyyet.com\u201d x\u0259b\u0259r verir ki, Bu g\u00fcn saat\u00a0 22:00-a olan m\u0259lumata \u0259sas\u0259n, Da\u015fk\u0259s\u0259n, G\u0259d\u0259b\u0259y, G\u00f6yg\u00f6l, G\u0259nc\u0259, \u015e\u0259mkir, Ceyran\u00e7\u00f6l, Tovuz, \u015eamax\u0131, Ming\u0259\u00e7evir,&hellip;<\/p>\n","protected":false},"author":1,"featured_media":56532,"comment_status":"closed","ping_status":"closed","sticky":false,"template":"","format":"standard","meta":{"om_disable_all_campaigns":false,"_monsterinsights_skip_tracking":false,"_uf_show_specific_survey":0,"_uf_disable_surveys":false,"footnotes":""},"categories":[23,5],"tags":[],"aioseo_notices":[],"_links":{"self":[{"href":"https:\/\/hakimiyyet.info.az\/index.php?rest_route=\/wp\/v2\/posts\/56531"}],"collection":[{"href":"https:\/\/hakimiyyet.info.az\/index.php?rest_route=\/wp\/v2\/posts"}],"about":[{"href":"https:\/\/hakimiyyet.info.az\/index.php?rest_route=\/wp\/v2\/types\/post"}],"author":[{"embeddable":true,"href":"https:\/\/hakimiyyet.info.az\/index.php?rest_route=\/wp\/v2\/users\/1"}],"replies":[{"embeddable":true,"href":"https:\/\/hakimiyyet.info.az\/index.php?rest_route=%2Fwp%2Fv2%2Fcomments&post=56531"}],"version-history":[{"count":0,"href":"https:\/\/hakimiyyet.info.az\/index.php?rest_route=\/wp\/v2\/posts\/56531\/revisions"}],"wp:featuredmedia":[{"embeddable":true,"href":"https:\/\/hakimiyyet.info.az\/index.php?rest_route=\/wp\/v2\/media\/56532"}],"wp:attachment":[{"href":"https:\/\/hakimiyyet.info.az\/index.php?rest_route=%2Fwp%2Fv2%2Fmedia&parent=56531"}],"wp:term":[{"taxonomy":"category","embeddable":true,"href":"https:\/\/hakimiyyet.info.az\/index.php?rest_route=%2Fwp%2Fv2%2Fcategories&post=56531"},{"taxonomy":"post_tag","embeddable":true,"href":"https:\/\/hakimiyyet.info.az\/index.php?rest_route=%2Fwp%2Fv2%2Ftags&post=56531"}],"curies":[{"name":"wp","href":"https:\/\/api.w.org\/{rel}","templated":true}]}}