{"id":56599,"date":"2020-05-25T20:30:00","date_gmt":"2020-05-25T16:30:00","guid":{"rendered":"https:\/\/www.amimb.net\/2019\/56599"},"modified":"2020-05-25T20:30:00","modified_gmt":"2020-05-25T16:30:00","slug":"turkdilli-dovl%c9%99tl%c9%99rin-%c9%99m%c9%99kdasliq-surasinin-bas-katibi-bagdad-amreyevd%c9%99n","status":"publish","type":"post","link":"https:\/\/hakimiyyet.info.az\/?p=56599","title":{"rendered":"T\u00fcrkdilli D\u00f6vl\u0259tl\u0259rin \u018fm\u0259kda\u015fl\u0131q \u015euras\u0131n\u0131n Ba\u015f Katibi Ba\u011fdad Amreyevd\u0259n"},"content":{"rendered":"<p><span class=\"news_date\">25 may 2020, 16:30<\/span><\/p>\n<div>\n<div class=\"news_paragraph-block\">\n<p class=\"\"><span style=\"background-color: transparent; -webkit-tap-highlight-color: transparent; -webkit-text-size-adjust: 100%;\">Az\u0259rbaycan Respublikas\u0131n\u0131n Prezidenti Zati-alil\u0259ri c\u0259nab \u0130lham \u018fliyev\u0259<\/span><\/p>\n<p>M\u00f6ht\u0259r\u0259m c\u0259nab Prezident.<\/p>\n<p>Az\u0259rbaycan\u0131n milli bayram\u0131 \u2013 Respublika G\u00fcn\u00fc m\u00fcnasib\u0259til\u0259 T\u00fcrk \u015euras\u0131 ad\u0131ndan v\u0259 \u015f\u0259xs\u0259n \u00f6z ad\u0131mdan Sizi v\u0259 Az\u0259rbaycan xalq\u0131n\u0131 s\u0259mimi q\u0259lbd\u0259n t\u0259brik edir, \u0259n xo\u015f arzu v\u0259 dil\u0259kl\u0259rimi q\u0259bul etm\u0259yinizi xahi\u015f edir\u0259m.<\/p>\n<p>Az\u0259rbaycan Xalq C\u00fcmhuriyy\u0259tinin 1918-ci il may\u0131n 28-d\u0259 m\u00fcst\u0259qilliyini elan etm\u0259si il\u0259 T\u00fcrk v\u0259 \u0130slam d\u00fcnyas\u0131nda ilk demokratik respublikan\u0131n qurulmas\u0131 Az\u0259rbaycan xalq\u0131n\u0131n tarixind\u0259 d\u00f6n\u00fc\u015f n\u00f6qt\u0259si olmaqla yana\u015f\u0131, dig\u0259r xalqlara da bir \u00f6rn\u0259k olmu\u015fdur.<\/p>\n<p>M\u00fcst\u0259qilliyinin b\u0259rpas\u0131ndan etibar\u0259n g\u00fcnd\u0259n-g\u00fcn\u0259 daha da inki\u015faf ed\u0259n Az\u0259rbaycan Respublikas\u0131 Sizin liderliyiniz v\u0259 m\u00fcdrik siyas\u0259tiniz say\u0259sind\u0259 regionun \u0259n inki\u015faf etmi\u015f \u00f6lk\u0259si olaraq, d\u00fcnya d\u00f6vl\u0259tl\u0259ri aras\u0131nda n\u00fcfuzunu m\u00f6hk\u0259ml\u0259ndirm\u0259kd\u0259dir.<\/p>\n<p>Eyni zamanda, T\u00fcrk \u015euras\u0131na daimi d\u0259st\u0259yinizi v\u0259 Sizin s\u0259drliyinizl\u0259 Bak\u0131da ke\u00e7iril\u0259n yeddinci Zirv\u0259 g\u00f6r\u00fc\u015f\u00fcn\u00fcn u\u011furlu n\u0259tic\u0259l\u0259rinin T\u00fcrk \u015euras\u0131n\u0131n keyfiyy\u0259tc\u0259 yeni m\u0259rh\u0259l\u0259y\u0259 q\u0259d\u0259m qoymas\u0131na v\u0259 t\u0259\u015fkilat\u0131m\u0131z\u0131n regional m\u00fcst\u0259vid\u0259 daha da c\u0259lbedici platformaya \u00e7evrilm\u0259sin\u0259 z\u0259min yaratd\u0131\u011f\u0131n\u0131 m\u0259mnuniyy\u0259tl\u0259 qeyd etm\u0259k ist\u0259rdik.<\/p>\n<p>Bunun bariz n\u00fcmun\u0259si kimi, T\u00fcrk \u015euras\u0131 d\u00fcnya miqyas\u0131nda ilk beyn\u0259lxalq t\u0259\u015fkilat olaraq, bir daha Sizin t\u0259\u015f\u0259bb\u00fcs\u00fcn\u00fcz v\u0259 s\u0259drliyiniz il\u0259 COVID-19 pandemiyas\u0131na h\u0259sr edilmi\u015f videokonfrans format\u0131nda ilk f\u00f6vq\u0259lad\u0259 Zirv\u0259 g\u00f6r\u00fc\u015f\u00fcn\u00fc ke\u00e7irmi\u015fdir. B\u0259\u015f\u0259riyy\u0259tin \u00fczl\u0259\u015fdiyi bel\u0259 bir \u00e7\u0259tin d\u00f6vrd\u0259 t\u00fcrkdilli d\u00f6vl\u0259tl\u0259r aras\u0131nda h\u0259mr\u0259ylik v\u0259 birlik n\u00fcmayi\u015fi beyn\u0259lxalq al\u0259md\u0259ki n\u00fcfuzumuzu daha da art\u0131rm\u0131\u015fd\u0131r.<\/p>\n<p>Zati-alil\u0259ri, Sizin uzaqg\u00f6r\u0259n xarici siyas\u0259tiniz n\u0259tic\u0259sind\u0259 T\u00fcrk \u015euras\u0131n\u0131n COVID-19 infeksiyas\u0131 il\u0259 m\u00fcbariz\u0259d\u0259 t\u0259cr\u00fcb\u0259sinin v\u0259 h\u0259mr\u0259ylinin d\u00fcnya birliyi t\u0259r\u0259find\u0259n \u00f6rn\u0259k kimi q\u0259bul olunmas\u0131n\u0131 x\u00fcsusi qeyd etm\u0259k ist\u0259rdik.<\/p>\n<p>F\u00fcrs\u0259td\u0259n istifad\u0259 ed\u0259r\u0259k, bu tarixi g\u00fcn m\u00fcnasib\u0259til\u0259 Zati-aliniz\u0259 ali d\u00f6vl\u0259ti f\u0259aliyy\u0259tinizd\u0259 davaml\u0131 u\u011furlar arzulay\u0131r, Az\u0259rbaycan xalq\u0131na rifah, firavanl\u0131q v\u0259 xo\u015fb\u0259xtlik dil\u0259yir\u0259m.<\/p>\n<p>D\u0259rin h\u00f6rm\u0259t v\u0259 ehtiramla,<\/p>\n<p>Ba\u011fdad Amreyev<\/p>\n<p>T\u00fcrkdilli D\u00f6vl\u0259tl\u0259rin \u018fm\u0259kda\u015fl\u0131q \u015euras\u0131n\u0131n Ba\u015f Katibi<\/p>\n<\/div>\n<\/div>\n","protected":false},"excerpt":{"rendered":"<p>25 may 2020, 16:30 Az\u0259rbaycan Respublikas\u0131n\u0131n Prezidenti Zati-alil\u0259ri c\u0259nab \u0130lham \u018fliyev\u0259 M\u00f6ht\u0259r\u0259m c\u0259nab Prezident. Az\u0259rbaycan\u0131n milli bayram\u0131 \u2013 Respublika G\u00fcn\u00fc&hellip;<\/p>\n","protected":false},"author":1,"featured_media":56600,"comment_status":"closed","ping_status":"closed","sticky":false,"template":"","format":"standard","meta":{"om_disable_all_campaigns":false,"_monsterinsights_skip_tracking":false,"_uf_show_specific_survey":0,"_uf_disable_surveys":false,"footnotes":""},"categories":[3,34],"tags":[],"aioseo_notices":[],"_links":{"self":[{"href":"https:\/\/hakimiyyet.info.az\/index.php?rest_route=\/wp\/v2\/posts\/56599"}],"collection":[{"href":"https:\/\/hakimiyyet.info.az\/index.php?rest_route=\/wp\/v2\/posts"}],"about":[{"href":"https:\/\/hakimiyyet.info.az\/index.php?rest_route=\/wp\/v2\/types\/post"}],"author":[{"embeddable":true,"href":"https:\/\/hakimiyyet.info.az\/index.php?rest_route=\/wp\/v2\/users\/1"}],"replies":[{"embeddable":true,"href":"https:\/\/hakimiyyet.info.az\/index.php?rest_route=%2Fwp%2Fv2%2Fcomments&post=56599"}],"version-history":[{"count":0,"href":"https:\/\/hakimiyyet.info.az\/index.php?rest_route=\/wp\/v2\/posts\/56599\/revisions"}],"wp:featuredmedia":[{"embeddable":true,"href":"https:\/\/hakimiyyet.info.az\/index.php?rest_route=\/wp\/v2\/media\/56600"}],"wp:attachment":[{"href":"https:\/\/hakimiyyet.info.az\/index.php?rest_route=%2Fwp%2Fv2%2Fmedia&parent=56599"}],"wp:term":[{"taxonomy":"category","embeddable":true,"href":"https:\/\/hakimiyyet.info.az\/index.php?rest_route=%2Fwp%2Fv2%2Fcategories&post=56599"},{"taxonomy":"post_tag","embeddable":true,"href":"https:\/\/hakimiyyet.info.az\/index.php?rest_route=%2Fwp%2Fv2%2Ftags&post=56599"}],"curies":[{"name":"wp","href":"https:\/\/api.w.org\/{rel}","templated":true}]}}