{"id":56804,"date":"2020-05-26T17:30:00","date_gmt":"2020-05-26T13:30:00","guid":{"rendered":"https:\/\/www.hakimiyyet.com\/?p=56804"},"modified":"2020-05-26T17:30:00","modified_gmt":"2020-05-26T13:30:00","slug":"ruminiyanin-prezidenti-klaus-verner-iohannisd%c9%99n","status":"publish","type":"post","link":"https:\/\/hakimiyyet.info.az\/?p=56804","title":{"rendered":"Rum\u0131niyan\u0131n Prezidenti Klaus Verner \u0130ohannisd\u0259n"},"content":{"rendered":"<div>\n<div class=\"news_paragraph-block\">\n<p><span style=\"-webkit-tap-highlight-color: transparent; -webkit-text-size-adjust: 100%; background-color: transparent;\">Az\u0259rbaycan Respublikas\u0131n\u0131n Prezidenti Zati-alil\u0259ri c\u0259nab \u0130lham \u018fliyev\u0259<\/span><\/p>\n<p>M\u00f6ht\u0259r\u0259m c\u0259nab Prezident.<\/p>\n<p>Milli bayram\u0131n\u0131z &#8211; Respublika G\u00fcn\u00fc m\u00fcnasib\u0259til\u0259 Siz\u0259 v\u0259 Az\u0259rbaycan xalq\u0131na s\u0259mimi t\u0259brikl\u0259rimi \u00e7atd\u0131r\u0131ram.<\/p>\n<p>\u018fmin\u0259m ki, Rum\u0131niya il\u0259 Az\u0259rbaycan aras\u0131ndak\u0131 dialoqun v\u0259 \u0259m\u0259kda\u015fl\u0131\u011f\u0131n inki\u015faf\u0131 strateji t\u0259r\u0259fda\u015fl\u0131\u011f\u0131n institusional \u00e7\u0259r\u00e7iv\u0259sind\u0259 davam ed\u0259c\u0259kdir. \u0130kit\u0259r\u0259fli iqtisadi \u0259laq\u0259l\u0259rin, o c\u00fcml\u0259d\u0259n regional \u0259h\u0259miyy\u0259t\u0259 malik enerji v\u0259 n\u0259qliyyat layih\u0259l\u0259ri vasit\u0259sil\u0259 Az\u0259rbaycan Respublikas\u0131 il\u0259 Avropa \u0130ttifaq\u0131 aras\u0131nda \u0259m\u0259kda\u015fl\u0131q \u00e7\u0259r\u00e7iv\u0259sind\u0259 apar\u0131lan dialoqun g\u00fccl\u0259ndirilm\u0259si v\u0259 \u015fax\u0259l\u0259ndirilm\u0259si qar\u015f\u0131l\u0131ql\u0131 m\u00fcnasib\u0259tl\u0259rimizin m\u00fch\u00fcm istiqam\u0259tl\u0259rini t\u0259c\u0259ss\u00fcm etdirir.<\/p>\n<p>Zati-alil\u0259ri c\u0259nab Prezident, xahi\u015f edir\u0259m, Siz\u0259 olan d\u0259rin ehtiram\u0131m\u0131 q\u0259bul edin.<\/p>\n<p>H\u00f6rm\u0259tl\u0259,<\/p>\n<p>Klaus Verner \u0130ohannis<\/p>\n<p>Rum\u0131niyan\u0131n Prezidenti<\/p>\n<\/div>\n<\/div>\n","protected":false},"excerpt":{"rendered":"<p>Az\u0259rbaycan Respublikas\u0131n\u0131n Prezidenti Zati-alil\u0259ri c\u0259nab \u0130lham \u018fliyev\u0259 M\u00f6ht\u0259r\u0259m c\u0259nab Prezident. Milli bayram\u0131n\u0131z &#8211; Respublika G\u00fcn\u00fc m\u00fcnasib\u0259til\u0259 Siz\u0259 v\u0259 Az\u0259rbaycan xalq\u0131na&hellip;<\/p>\n","protected":false},"author":1,"featured_media":56805,"comment_status":"closed","ping_status":"closed","sticky":false,"template":"","format":"standard","meta":{"om_disable_all_campaigns":false,"_monsterinsights_skip_tracking":false,"_uf_show_specific_survey":0,"_uf_disable_surveys":false,"footnotes":""},"categories":[3,34],"tags":[],"aioseo_notices":[],"_links":{"self":[{"href":"https:\/\/hakimiyyet.info.az\/index.php?rest_route=\/wp\/v2\/posts\/56804"}],"collection":[{"href":"https:\/\/hakimiyyet.info.az\/index.php?rest_route=\/wp\/v2\/posts"}],"about":[{"href":"https:\/\/hakimiyyet.info.az\/index.php?rest_route=\/wp\/v2\/types\/post"}],"author":[{"embeddable":true,"href":"https:\/\/hakimiyyet.info.az\/index.php?rest_route=\/wp\/v2\/users\/1"}],"replies":[{"embeddable":true,"href":"https:\/\/hakimiyyet.info.az\/index.php?rest_route=%2Fwp%2Fv2%2Fcomments&post=56804"}],"version-history":[{"count":0,"href":"https:\/\/hakimiyyet.info.az\/index.php?rest_route=\/wp\/v2\/posts\/56804\/revisions"}],"wp:featuredmedia":[{"embeddable":true,"href":"https:\/\/hakimiyyet.info.az\/index.php?rest_route=\/wp\/v2\/media\/56805"}],"wp:attachment":[{"href":"https:\/\/hakimiyyet.info.az\/index.php?rest_route=%2Fwp%2Fv2%2Fmedia&parent=56804"}],"wp:term":[{"taxonomy":"category","embeddable":true,"href":"https:\/\/hakimiyyet.info.az\/index.php?rest_route=%2Fwp%2Fv2%2Fcategories&post=56804"},{"taxonomy":"post_tag","embeddable":true,"href":"https:\/\/hakimiyyet.info.az\/index.php?rest_route=%2Fwp%2Fv2%2Ftags&post=56804"}],"curies":[{"name":"wp","href":"https:\/\/api.w.org\/{rel}","templated":true}]}}