{"id":56869,"date":"2020-05-26T16:16:32","date_gmt":"2020-05-26T12:16:32","guid":{"rendered":"http:\/\/hakimiyyet.info.az\/2019\/56869"},"modified":"2020-05-26T16:16:32","modified_gmt":"2020-05-26T12:16:32","slug":"emind%c9%99n-jara-il%c9%99-bagli-aciqlama","status":"publish","type":"post","link":"https:\/\/hakimiyyet.info.az\/?p=56869","title":{"rendered":"Emind\u0259n \u201cJara\u201d il\u0259 ba\u011fl\u0131 a\u00e7\u0131qlama"},"content":{"rendered":"<p>\u201cHakimiyyet.com\u201d x\u0259b\u0259r verir ki,<\/p>\n<div id=\"xeber_yazi\">\n<p><strong>Xalq artisti Emin A\u011falarov \u201cJara\u201d beyn\u0259lxalq festival\u0131 bar\u0259d\u0259 a\u00e7\u0131qlama yay\u0131b. <\/strong><\/p>\n<p> o, t\u0259dbirin ke\u00e7irilm\u0259 vaxt bar\u0259d\u0259 yaz\u0131b:<\/p>\n<p>Bildirilib ki, festival 29 iyul- 2 avqust tarixind\u0259 realla\u015facaq. Festival\u0131n ilk g\u00fcn\u00fc a\u00e7\u0131l\u0131\u015f olacaq v\u0259 bu ilin super hitl\u0259ri Bak\u0131 s\u0259hn\u0259sind\u0259 s\u0259sl\u0259ndiril\u0259c\u0259k. 30 iyul tarixind\u0259 90-cu ill\u0259rin mahn\u0131lar\u0131 v\u0259 Dmitri Malikovun yarad\u0131c\u0131l\u0131\u011f\u0131na m\u00fcraci\u0259t olunacaq. <\/p>\n<p>\u0130yulun 31-d\u0259 \u0130qor Nikolayevin yarad\u0131c\u0131l\u0131q gec\u0259si v\u0259 \u201cEmin &amp; Friends\u201d adl\u0131 konsert ba\u015f tutacaq.<\/p>\n<p>1 avqust tarixi beyn\u0259lxalq g\u00fcn elan olunacaq v\u0259 s\u0259n\u0259t\u00e7il\u0259r bu m\u00f6vzuda s\u0259hn\u0259d\u0259 yer alacaq. Avqustun 2-d\u0259 is\u0259 HammAli, Navai, \u0130qor Krid v\u0259 \u201cZ\u201d n\u0259slinin ulduzlar\u0131n\u0131n ifas\u0131 olacaq.<\/p>\n<p>Qeyd ed\u0259k ki, virusla ba\u011fl\u0131 t\u0259hl\u00fck\u0259sizlik t\u0259dbirl\u0259ri g\u00f6r\u00fcl\u0259c\u0259k, vacib bir q\u0259rar \u00e7\u0131xd\u0131\u011f\u0131 t\u0259qdird\u0259 gec\u0259 avqustun sonunad\u0259k t\u0259xir\u0259 sal\u0131nacaq.<\/p>\n<\/div>\n","protected":false},"excerpt":{"rendered":"<p>\u201cHakimiyyet.com\u201d x\u0259b\u0259r verir ki, Xalq artisti Emin A\u011falarov \u201cJara\u201d beyn\u0259lxalq festival\u0131 bar\u0259d\u0259 a\u00e7\u0131qlama yay\u0131b. o, t\u0259dbirin ke\u00e7irilm\u0259 vaxt bar\u0259d\u0259 yaz\u0131b:&hellip;<\/p>\n","protected":false},"author":1,"featured_media":56870,"comment_status":"closed","ping_status":"closed","sticky":false,"template":"","format":"standard","meta":{"om_disable_all_campaigns":false,"_monsterinsights_skip_tracking":false,"_uf_show_specific_survey":0,"_uf_disable_surveys":false,"footnotes":""},"categories":[12,16,5],"tags":[],"aioseo_notices":[],"_links":{"self":[{"href":"https:\/\/hakimiyyet.info.az\/index.php?rest_route=\/wp\/v2\/posts\/56869"}],"collection":[{"href":"https:\/\/hakimiyyet.info.az\/index.php?rest_route=\/wp\/v2\/posts"}],"about":[{"href":"https:\/\/hakimiyyet.info.az\/index.php?rest_route=\/wp\/v2\/types\/post"}],"author":[{"embeddable":true,"href":"https:\/\/hakimiyyet.info.az\/index.php?rest_route=\/wp\/v2\/users\/1"}],"replies":[{"embeddable":true,"href":"https:\/\/hakimiyyet.info.az\/index.php?rest_route=%2Fwp%2Fv2%2Fcomments&post=56869"}],"version-history":[{"count":0,"href":"https:\/\/hakimiyyet.info.az\/index.php?rest_route=\/wp\/v2\/posts\/56869\/revisions"}],"wp:featuredmedia":[{"embeddable":true,"href":"https:\/\/hakimiyyet.info.az\/index.php?rest_route=\/wp\/v2\/media\/56870"}],"wp:attachment":[{"href":"https:\/\/hakimiyyet.info.az\/index.php?rest_route=%2Fwp%2Fv2%2Fmedia&parent=56869"}],"wp:term":[{"taxonomy":"category","embeddable":true,"href":"https:\/\/hakimiyyet.info.az\/index.php?rest_route=%2Fwp%2Fv2%2Fcategories&post=56869"},{"taxonomy":"post_tag","embeddable":true,"href":"https:\/\/hakimiyyet.info.az\/index.php?rest_route=%2Fwp%2Fv2%2Ftags&post=56869"}],"curies":[{"name":"wp","href":"https:\/\/api.w.org\/{rel}","templated":true}]}}