{"id":56963,"date":"2020-05-26T23:32:00","date_gmt":"2020-05-26T19:32:00","guid":{"rendered":"https:\/\/www.hakimiyyet.com\/?p=56963"},"modified":"2020-05-26T23:32:00","modified_gmt":"2020-05-26T19:32:00","slug":"iki-muq%c9%99dd%c9%99s-ocagin-xadimi-s%c9%99udiyy%c9%99-%c9%99r%c9%99bistaninin-krali-salman-bin-%c9%99bdul%c9%99ziz-al-s%c9%99uddan","status":"publish","type":"post","link":"https:\/\/hakimiyyet.info.az\/?p=56963","title":{"rendered":"\u0130ki M\u00fcq\u0259dd\u0259s Oca\u011f\u0131n Xadimi, S\u0259udiyy\u0259 \u018fr\u0259bistan\u0131n\u0131n Kral\u0131 Salman bin \u018fbd\u00fcl\u0259ziz Al S\u0259uddan"},"content":{"rendered":"<p><span class=\"news_date\">26 may 2020, 19:32<\/span><\/p>\n<div>\n<div class=\"news_paragraph-block\">\n<p><span style=\"-webkit-tap-highlight-color: transparent; -webkit-text-size-adjust: 100%; background-color: transparent;\">Az\u0259rbaycan Respublikas\u0131n\u0131n Prezidenti Zati-alil\u0259ri c\u0259nab \u0130lham \u018fliyev\u0259<\/span><\/p>\n<p>Zati-alil\u0259ri, Qarda\u015f\u0131m \u0130lham Heyd\u0259r o\u011flu \u018fliyev.<\/p>\n<p>\u00d6lk\u0259nizin milli bayram\u0131 \u2013 Respublika G\u00fcn\u00fc m\u00fcnasib\u0259til\u0259 S\u0259udiyy\u0259 \u018fr\u0259bistan\u0131 Krall\u0131\u011f\u0131n\u0131n xalq\u0131 v\u0259 H\u00f6kum\u0259ti ad\u0131ndan, \u015f\u0259xs\u0259n \u00f6z ad\u0131mdan Zati-aliniz\u0259 \u0259n s\u0259mimi t\u0259brikl\u0259rimi v\u0259 \u0259n xo\u015f arzular\u0131m\u0131 \u00e7atd\u0131r\u0131ram. Siz\u0259 m\u00f6hk\u0259m cansa\u011fl\u0131\u011f\u0131 v\u0259 xo\u015fb\u0259xtlik, qarda\u015f Az\u0259rbaycan Respublikas\u0131n\u0131n h\u00f6kum\u0259tin\u0259 v\u0259 xalq\u0131na davaml\u0131 inki\u015faf v\u0259 firavanl\u0131q arzu edir\u0259m.<\/p>\n<p>Zati-aliniz\u0259 h\u00f6rm\u0259t v\u0259 ehtiramla,<\/p>\n<p>Qarda\u015f\u0131n\u0131z<\/p>\n<p>Salman bin \u018fbd\u00fcl\u0259ziz Al S\u0259ud<\/p>\n<p>\u0130ki M\u00fcq\u0259dd\u0259s Oca\u011f\u0131n Xadimi,<\/p>\n<p>S\u0259udiyy\u0259 \u018fr\u0259bistan\u0131n\u0131n Kral\u0131<\/p>\n<\/div>\n<\/div>\n","protected":false},"excerpt":{"rendered":"<p>26 may 2020, 19:32 Az\u0259rbaycan Respublikas\u0131n\u0131n Prezidenti Zati-alil\u0259ri c\u0259nab \u0130lham \u018fliyev\u0259 Zati-alil\u0259ri, Qarda\u015f\u0131m \u0130lham Heyd\u0259r o\u011flu \u018fliyev. \u00d6lk\u0259nizin milli bayram\u0131&hellip;<\/p>\n","protected":false},"author":1,"featured_media":56964,"comment_status":"closed","ping_status":"closed","sticky":false,"template":"","format":"standard","meta":{"om_disable_all_campaigns":false,"_monsterinsights_skip_tracking":false,"_uf_show_specific_survey":0,"_uf_disable_surveys":false,"footnotes":""},"categories":[3,34],"tags":[],"aioseo_notices":[],"_links":{"self":[{"href":"https:\/\/hakimiyyet.info.az\/index.php?rest_route=\/wp\/v2\/posts\/56963"}],"collection":[{"href":"https:\/\/hakimiyyet.info.az\/index.php?rest_route=\/wp\/v2\/posts"}],"about":[{"href":"https:\/\/hakimiyyet.info.az\/index.php?rest_route=\/wp\/v2\/types\/post"}],"author":[{"embeddable":true,"href":"https:\/\/hakimiyyet.info.az\/index.php?rest_route=\/wp\/v2\/users\/1"}],"replies":[{"embeddable":true,"href":"https:\/\/hakimiyyet.info.az\/index.php?rest_route=%2Fwp%2Fv2%2Fcomments&post=56963"}],"version-history":[{"count":0,"href":"https:\/\/hakimiyyet.info.az\/index.php?rest_route=\/wp\/v2\/posts\/56963\/revisions"}],"wp:featuredmedia":[{"embeddable":true,"href":"https:\/\/hakimiyyet.info.az\/index.php?rest_route=\/wp\/v2\/media\/56964"}],"wp:attachment":[{"href":"https:\/\/hakimiyyet.info.az\/index.php?rest_route=%2Fwp%2Fv2%2Fmedia&parent=56963"}],"wp:term":[{"taxonomy":"category","embeddable":true,"href":"https:\/\/hakimiyyet.info.az\/index.php?rest_route=%2Fwp%2Fv2%2Fcategories&post=56963"},{"taxonomy":"post_tag","embeddable":true,"href":"https:\/\/hakimiyyet.info.az\/index.php?rest_route=%2Fwp%2Fv2%2Ftags&post=56963"}],"curies":[{"name":"wp","href":"https:\/\/api.w.org\/{rel}","templated":true}]}}