{"id":56996,"date":"2020-05-26T23:31:51","date_gmt":"2020-05-26T19:31:51","guid":{"rendered":"http:\/\/hakimiyyet.info.az\/2019\/56996"},"modified":"2020-05-26T23:31:51","modified_gmt":"2020-05-26T19:31:51","slug":"la-liqa-matclarinda-azarkesl%c9%99rin-s%c9%99sind%c9%99n-istifad%c9%99-olunacaq","status":"publish","type":"post","link":"https:\/\/hakimiyyet.info.az\/?p=56996","title":{"rendered":"La Liqa mat\u00e7lar\u0131nda azarke\u015fl\u0259rin s\u0259sind\u0259n istifad\u0259 olunacaq"},"content":{"rendered":"<p>\u201cHakimiyyet.com\u201d x\u0259b\u0259r verir ki, <\/p>\n<div>\n<p>\u0130spaniya La Liqas\u0131 mat\u00e7lar\u0131n\u0131n yay\u0131m\u0131 zaman\u0131 azarke\u015f s\u0259sl\u0259rind\u0259n istifad\u0259 edil\u0259c\u0259k.<\/p>\n<p>Apasport.az sayt\u0131 x\u0259b\u0259r verir ki, bu bar\u0259d\u0259 &#8220;Mediapro&#8221; \u015firk\u0259tinin r\u0259hb\u0259ri Xaume Roures m\u0259lumat verib.<\/p>\n<p>O bildirib ki, La Liqa r\u0259hb\u0259rliyi il\u0259 oyunlar\u0131n yay\u0131m h\u00fcququna malik \u015firk\u0259t aras\u0131ndak\u0131 raz\u0131l\u0131\u011fa \u0259sas\u0259n, ekran qar\u015f\u0131s\u0131nda \u0259yl\u0259\u015f\u0259n tama\u015fa\u00e7\u0131lar\u0131n mat\u00e7\u0131n bo\u015f tribunalar \u00f6n\u00fcnd\u0259 ke\u00e7irildiyini hiss etm\u0259m\u0259l\u0259ri \u00fc\u00e7\u00fcn azarke\u015fl\u0259rin \u0259vv\u0259lki g\u00f6r\u00fc\u015fl\u0259rd\u0259n s\u0259s-k\u00fcy\u00fc v\u0259 q\u0131\u015fq\u0131r\u0131qlar\u0131ndan istifad\u0259 edil\u0259c\u0259k: &#8220;Cari m\u00f6vs\u00fcm\u00fcn \u0259vv\u0259lki oyunlardak\u0131 azarke\u015fl\u0259rin s\u0259sl\u0259rind\u0259n yararlanacaq, bo\u015flu\u011fu doldurma\u011fa \u00e7al\u0131\u015faca\u011f\u0131q&#8221;.<\/p>\n<p>Qeyd ed\u0259k ki, koronavirus pandemiyas\u0131 s\u0259b\u0259bind\u0259n iki aydan \u00e7oxdur dayand\u0131r\u0131lan \u0130spaniya La Liqas\u0131n\u0131n iyunun ortalar\u0131nda b\u0259rpas\u0131 planla\u015fd\u0131r\u0131l\u0131r.<\/p>\n<\/p><\/div>\n","protected":false},"excerpt":{"rendered":"<p>\u201cHakimiyyet.com\u201d x\u0259b\u0259r verir ki, \u0130spaniya La Liqas\u0131 mat\u00e7lar\u0131n\u0131n yay\u0131m\u0131 zaman\u0131 azarke\u015f s\u0259sl\u0259rind\u0259n istifad\u0259 edil\u0259c\u0259k. Apasport.az sayt\u0131 x\u0259b\u0259r verir ki, bu&hellip;<\/p>\n","protected":false},"author":1,"featured_media":56997,"comment_status":"closed","ping_status":"closed","sticky":false,"template":"","format":"standard","meta":{"om_disable_all_campaigns":false,"_monsterinsights_skip_tracking":false,"_uf_show_specific_survey":0,"_uf_disable_surveys":false,"footnotes":""},"categories":[23,5],"tags":[],"aioseo_notices":[],"_links":{"self":[{"href":"https:\/\/hakimiyyet.info.az\/index.php?rest_route=\/wp\/v2\/posts\/56996"}],"collection":[{"href":"https:\/\/hakimiyyet.info.az\/index.php?rest_route=\/wp\/v2\/posts"}],"about":[{"href":"https:\/\/hakimiyyet.info.az\/index.php?rest_route=\/wp\/v2\/types\/post"}],"author":[{"embeddable":true,"href":"https:\/\/hakimiyyet.info.az\/index.php?rest_route=\/wp\/v2\/users\/1"}],"replies":[{"embeddable":true,"href":"https:\/\/hakimiyyet.info.az\/index.php?rest_route=%2Fwp%2Fv2%2Fcomments&post=56996"}],"version-history":[{"count":0,"href":"https:\/\/hakimiyyet.info.az\/index.php?rest_route=\/wp\/v2\/posts\/56996\/revisions"}],"wp:featuredmedia":[{"embeddable":true,"href":"https:\/\/hakimiyyet.info.az\/index.php?rest_route=\/wp\/v2\/media\/56997"}],"wp:attachment":[{"href":"https:\/\/hakimiyyet.info.az\/index.php?rest_route=%2Fwp%2Fv2%2Fmedia&parent=56996"}],"wp:term":[{"taxonomy":"category","embeddable":true,"href":"https:\/\/hakimiyyet.info.az\/index.php?rest_route=%2Fwp%2Fv2%2Fcategories&post=56996"},{"taxonomy":"post_tag","embeddable":true,"href":"https:\/\/hakimiyyet.info.az\/index.php?rest_route=%2Fwp%2Fv2%2Ftags&post=56996"}],"curies":[{"name":"wp","href":"https:\/\/api.w.org\/{rel}","templated":true}]}}