{"id":57224,"date":"2020-05-27T15:21:48","date_gmt":"2020-05-27T11:21:48","guid":{"rendered":"https:\/\/www.hakimiyyet.com\/2019\/57224"},"modified":"2020-05-27T15:21:48","modified_gmt":"2020-05-27T11:21:48","slug":"erm%c9%99nil%c9%99rin-az%c9%99rbaycana-qarsi-iddialari-dig%c9%99r-beyn%c9%99lxalq-t%c9%99skilatlarda-r%c9%99dd-edil%c9%99c%c9%99k","status":"publish","type":"post","link":"https:\/\/hakimiyyet.info.az\/?p=57224","title":{"rendered":"&#8220;Erm\u0259nil\u0259rin Az\u0259rbaycana qar\u015f\u0131 iddialar\u0131 dig\u0259r beyn\u0259lxalq t\u0259\u015fkilatlarda r\u0259dd edil\u0259c\u0259k&#8221;"},"content":{"rendered":"<p>\u201cHakimiyyet.com\u201d x\u0259b\u0259r verir ki, <\/p>\n<div>\n<p class=\"MsoNormal\"><span lang=\"AZ-LATIN\" style=\"font-size: 14.0pt; mso-ansi-language: AZ-LATIN;\">\u201cAz\u0259rbaycan son m\u0259qs\u0259din\u0259 &#8211; \u0259razi b\u00fct\u00f6vl\u00fcy\u00fcn\u00fcn b\u0259rpas\u0131na m\u00fctl\u0259q nail olacaq\u201d.<\/span><\/p>\n<p class=\"MsoNormal\"><span lang=\"AZ-LATIN\" style=\"font-size: 14.0pt; mso-ansi-language: AZ-LATIN;\">Bunu <a href=\"https:\/\/apa.az\" target=\"_blank\" style=\"display: inline !important;\" rel=\"noopener noreferrer\">APA<\/a>-ya a\u00e7\u0131qlamas\u0131nda Milli M\u0259clisin M\u00fcdafi\u0259, t\u0259hl\u00fck\u0259sizlik v\u0259 korrupsiya il\u0259 m\u00fcbariz\u0259 komit\u0259sinin s\u0259drinin m\u00fcavini Hikm\u0259t Babao\u011flu deyib. <\/span><\/p>\n<p class=\"MsoNormal\"><span lang=\"AZ-LATIN\" style=\"font-size: 14.0pt; mso-ansi-language: AZ-LATIN;\">O bildirib ki, erm\u0259nil\u0259r Ramil S\u0259f\u0259rov m\u0259s\u0259l\u0259si il\u0259 \u0259laq\u0259dar A\u0130HM qar\u015f\u0131s\u0131nda iddia qald\u0131raraq, cinay\u0259t i\u015finin yenid\u0259n ba\u015flad\u0131lmas\u0131n\u0131, eyni zamanda Az\u0259rbaycan Prezidentinin imzalad\u0131\u011f\u0131 \u0259fv f\u0259rman\u0131n\u0131n l\u0259\u011fv edilm\u0259si il\u0259 ba\u011fl\u0131 t\u0259dbirl\u0259r g\u00f6r\u00fclm\u0259sini t\u0259l\u0259b edibl\u0259r v\u0259 h\u0259m\u00e7inin Ramil S\u0259f\u0259rovun azadl\u0131\u011fa burax\u0131lmas\u0131nda Az\u0259rbaycan d\u00f6vl\u0259tini ittiham etm\u0259y\u0259 c\u0259hd g\u00f6st\u0259ribl\u0259r:\u00a0<\/span><span lang=\"AZ-LATIN\" style=\"font-size: 14.0pt; mso-ansi-language: AZ-LATIN;\">\u201c\u015e\u00fcbh\u0259siz ki, onlar bu m\u0259qs\u0259dl\u0259rin\u0259 \u00e7ata bilm\u0259dil\u0259r. A\u0130HM-i n\u0259 cinay\u0259tin yenid\u0259n ba\u015flad\u0131lmas\u0131 il\u0259 \u0259laq\u0259dar, n\u0259 d\u0259 h\u0259r hans\u0131 t\u0259dbir g\u00f6st\u0259rilm\u0259si il\u0259 ba\u011fl\u0131 q\u0259rar q\u0259bul etdi. Bu \u0259slind\u0259 erm\u0259nil\u0259rin Avropa h\u00fcququ qar\u015f\u0131s\u0131nda da n\u00f6vb\u0259ti m\u0259\u011flubiyy\u0259ti dem\u0259kdir. \u201cMakutyan v\u0259 Mnasyan Az\u0259rbaycana v\u0259 Macar\u0131stana qar\u015f\u0131\u201d i\u015fin ad\u0131 bu c\u00fcr idi. \u018flb\u0259tt\u0259 ki, i\u015f\u011fal\u00e7\u0131 d\u00f6vl\u0259tin he\u00e7 bir m\u0259n\u0259vi, h\u00fcquqi haqq\u0131 yoxdur ki, \u0259razil\u0259rinin 20 faizini i\u015f\u011fal etdiyi bir \u00f6lk\u0259nin zabitini n\u0259d\u0259s\u0259 ittiham etsin v\u0259 \u00fcst\u0259lik d\u0259 \u00f6z t\u0259l\u0259bin\u0259<span style=\"mso-spacerun: yes;\">\u00a0 <\/span>A\u0130HM-nin q\u0259rar\u0131 il\u0259 bir b\u0259ra\u0259t qazand\u0131rm\u0131\u015f olsun. \u015e\u00fcbh\u0259siz ki, Az\u0259rbaycan A\u0130HM-nin ald\u0131\u011f\u0131 q\u0259rar\u0131 do\u011fru hesab edir, \u00e7\u00fcnki bu q\u0259rarda erm\u0259nil\u0259rin he\u00e7 bir iddias\u0131 t\u0259min edilm\u0259yib. X\u00fcsusi olaraq vur\u011fulamaq laz\u0131md\u0131r ki, bu m\u0259s\u0259l\u0259 il\u0259 ba\u011fl\u0131 t\u0259kc\u0259 erm\u0259nil\u0259r deyil, eyni zamanda erm\u0259ni lobbisi v\u0259 erm\u0259nip\u0259r\u0259st m\u0259rk\u0259zl\u0259r d\u0259 A\u0130HM-n\u0259 t\u0259zyiql\u0259r edirdil\u0259r, m\u00fcxt\u0259lif vasit\u0259l\u0259rl\u0259 onlar\u0131 q\u0259bul ed\u0259c\u0259kl\u0259ri h\u00fcquqi q\u0259rardan yay\u0131nd\u0131rma\u011fa \u00e7al\u0131\u015f\u0131rd\u0131lar, lakin buna nail ola bilm\u0259dil\u0259r. Ona g\u00f6r\u0259 ki, Az\u0259rbaycan g\u00fccl\u00fc d\u00f6vl\u0259tdir, beyn\u0259lxalq h\u00fcququn \u0259n \u0259h\u0259miyy\u0259tli milli aktorlar\u0131ndan biridir v\u0259 eyni zamanda Az\u0259rbaycan i\u015f\u011fala m\u0259ruz qalan<span style=\"mso-spacerun: yes;\">\u00a0 <\/span>t\u0259r\u0259fdir. Bel\u0259 olan halda hans\u0131sa hadis\u0259ni manipulyasiya ed\u0259r\u0259k m\u00fcst\u0259qil d\u00f6vl\u0259tin hegemon irad\u0259sin\u0259 h\u0259r hans\u0131 beyn\u0259lxalq m\u0259hk\u0259m\u0259nin q\u0259rar\u0131n\u0131 direktiv kimi t\u0259tbiq etm\u0259k m\u00fcmk\u00fcn ola bilm\u0259z. A\u0130HM-nin ald\u0131\u011f\u0131 q\u0259rarda<span style=\"mso-spacerun: yes;\">\u00a0 <\/span>beyn\u0259lxalq h\u00fcquq v\u0259 onun t\u0259tbiqi texniki bax\u0131mdan bu m\u0259hk\u0259m\u0259 t\u0259r\u0259find\u0259n d\u00fczg\u00fcn \u015f\u0259rh edilib. \u015e\u00fcbh\u0259siz ki, erm\u0259nil\u0259rin Az\u0259rbaycana qar\u015f\u0131 qald\u0131rd\u0131qlar\u0131 iddialar bundan sonra da bu v\u0259 ya dig\u0259r \u015f\u0259kild\u0259 ist\u0259r h\u00fcquq-m\u0259hk\u0259m\u0259 sistemind\u0259, ist\u0259rs\u0259 d\u0259 siyasi q\u0259rarlar\u0131n q\u0259bul olundu\u011fu dig\u0259r beyn\u0259lxalq t\u0259\u015fkilatlarda r\u0259dd edil\u0259c\u0259k&#8221;.<\/span><\/p>\n<\/p><\/div>\n","protected":false},"excerpt":{"rendered":"<p>\u201cHakimiyyet.com\u201d x\u0259b\u0259r verir ki, \u201cAz\u0259rbaycan son m\u0259qs\u0259din\u0259 &#8211; \u0259razi b\u00fct\u00f6vl\u00fcy\u00fcn\u00fcn b\u0259rpas\u0131na m\u00fctl\u0259q nail olacaq\u201d. Bunu APA-ya a\u00e7\u0131qlamas\u0131nda Milli M\u0259clisin M\u00fcdafi\u0259,&hellip;<\/p>\n","protected":false},"author":1,"featured_media":57225,"comment_status":"closed","ping_status":"closed","sticky":false,"template":"","format":"standard","meta":{"om_disable_all_campaigns":false,"_monsterinsights_skip_tracking":false,"_uf_show_specific_survey":0,"_uf_disable_surveys":false,"footnotes":""},"categories":[23,5],"tags":[],"aioseo_notices":[],"_links":{"self":[{"href":"https:\/\/hakimiyyet.info.az\/index.php?rest_route=\/wp\/v2\/posts\/57224"}],"collection":[{"href":"https:\/\/hakimiyyet.info.az\/index.php?rest_route=\/wp\/v2\/posts"}],"about":[{"href":"https:\/\/hakimiyyet.info.az\/index.php?rest_route=\/wp\/v2\/types\/post"}],"author":[{"embeddable":true,"href":"https:\/\/hakimiyyet.info.az\/index.php?rest_route=\/wp\/v2\/users\/1"}],"replies":[{"embeddable":true,"href":"https:\/\/hakimiyyet.info.az\/index.php?rest_route=%2Fwp%2Fv2%2Fcomments&post=57224"}],"version-history":[{"count":0,"href":"https:\/\/hakimiyyet.info.az\/index.php?rest_route=\/wp\/v2\/posts\/57224\/revisions"}],"wp:featuredmedia":[{"embeddable":true,"href":"https:\/\/hakimiyyet.info.az\/index.php?rest_route=\/wp\/v2\/media\/57225"}],"wp:attachment":[{"href":"https:\/\/hakimiyyet.info.az\/index.php?rest_route=%2Fwp%2Fv2%2Fmedia&parent=57224"}],"wp:term":[{"taxonomy":"category","embeddable":true,"href":"https:\/\/hakimiyyet.info.az\/index.php?rest_route=%2Fwp%2Fv2%2Fcategories&post=57224"},{"taxonomy":"post_tag","embeddable":true,"href":"https:\/\/hakimiyyet.info.az\/index.php?rest_route=%2Fwp%2Fv2%2Ftags&post=57224"}],"curies":[{"name":"wp","href":"https:\/\/api.w.org\/{rel}","templated":true}]}}