{"id":57321,"date":"2020-05-27T22:00:00","date_gmt":"2020-05-27T18:00:00","guid":{"rendered":"http:\/\/hakimiyyet.info.az\/?p=57321"},"modified":"2020-05-27T22:00:00","modified_gmt":"2020-05-27T18:00:00","slug":"braziliya-milli-konqresinin-deputatlar-palatasinda-braziliya-az%c9%99rbaycan-parlamentl%c9%99rarasi-dostluq-qrupunun-s%c9%99dri-federal-deputat-klaudio-kaxadodan","status":"publish","type":"post","link":"https:\/\/hakimiyyet.info.az\/?p=57321","title":{"rendered":"Braziliya Milli Konqresinin Deputatlar Palatas\u0131nda Braziliya-Az\u0259rbaycan parlamentl\u0259raras\u0131 dostluq qrupunun s\u0259dri, federal deputat Klaudio Kaxadodan"},"content":{"rendered":"<div>\n<p><span style=\"background-color: transparent;\">Az\u0259rbaycan Respublikas\u0131n\u0131n Prezidenti Zati-alil\u0259ri c\u0259nab \u0130lham \u018fliyev\u0259<\/span><\/p>\n<p>H\u00f6rm\u0259tli c\u0259nab Prezident.<\/p>\n<p>M\u0259n Az\u0259rbaycan Respublikas\u0131n\u0131 m\u00fcst\u0259qilliyinin 102-ci v\u0259 Braziliyadak\u0131 diplomatik xidm\u0259tinin 101-ci ild\u00f6n\u00fcm\u00fc m\u00fcnasib\u0259til\u0259 t\u0259brik etm\u0259k ist\u0259rdim.<\/p>\n<p>D\u00fcnyan\u0131 b\u00fcr\u00fcm\u00fc\u015f COVID-19 pandemiyas\u0131 s\u0259b\u0259bind\u0259n bu bayram\u0131 \u015f\u0259xsi i\u015ftirak\u0131m\u0131zla qeyd ed\u0259 bilm\u0259m\u0259yimizd\u0259n t\u0259\u0259ss\u00fcfl\u0259nir\u0259m. Buna baxmayaraq, biz bu bayramda q\u0259lb\u0259n v\u0259 ruh\u0259n birlikd\u0259yik.<\/p>\n<p>Federal deputat v\u0259 Braziliya-Az\u0259rbaycan parlamentl\u0259raras\u0131 dostluq qrupunun s\u0259dri kimi \u00f6lk\u0259nizin milli bayram\u0131 m\u00fcnasib\u0259til\u0259 Sizi t\u0259brik etm\u0259kd\u0259n b\u00f6y\u00fck \u015f\u0259r\u0259f duyuram.<\/p>\n<p>Az\u0259rbaycan Xalq C\u00fcmhuriyy\u0259ti m\u00fcs\u0259lman d\u00fcnyas\u0131nda demokratik v\u0259 d\u00fcny\u0259vi respublikan\u0131n yarad\u0131lmas\u0131 istiqam\u0259tind\u0259 ilk u\u011furlu add\u0131m idi. Az\u0259rbaycan Respublikas\u0131n\u0131n tarixind\u0259 dig\u0259r m\u00fch\u00fcm m\u0259qam odur ki, m\u00fcs\u0259lman d\u00fcnyas\u0131nda qad\u0131nlara ilk d\u0259f\u0259 ki\u015fil\u0259rl\u0259 b\u0259rab\u0259r siyasi h\u00fcquqlar verilib. \u00d6lk\u0259nizin tarixind\u0259 daha bir \u0259lam\u0259tdar hadis\u0259 m\u00fcasir tipli ilk universitet kimi Bak\u0131 D\u00f6vl\u0259t Universitetinin yarad\u0131lmas\u0131 olub.<\/p>\n<p>\u0130qtisadi sah\u0259d\u0259 Az\u0259rbaycan\u0131 qlobal miqyasda neft v\u0259 qaz hasil v\u0259 ixrac ed\u0259n, Avropan\u0131n enerji t\u0259hl\u00fck\u0259sizliyin\u0259 t\u00f6hf\u0259 ver\u0259n \u00f6lk\u0259 kimi tan\u0131y\u0131r\u0131q.<\/p>\n<p>Biz onu da x\u00fcsusi qeyd etm\u0259liyik ki, Az\u0259rbaycan beyn\u0259lxalq idman ictimaiyy\u0259tinin f\u0259al \u00fczv\u00fcd\u00fcr. Az\u0259rbaycan Beyn\u0259lxalq Futbol Assosiasiyalar\u0131 Federasiyas\u0131n\u0131n (FIFA), Avropa Futbol Assosiasiyalar\u0131 \u0130ttifaq\u0131n\u0131n (UEFA), Beyn\u0259lxalq Atletika Federasiyalar\u0131 Assosiasiyas\u0131n\u0131n (IAAF), Avropa Atletika Assosiasiyas\u0131n\u0131n (EAA), Beyn\u0259lxalq Olimpiya Komit\u0259si v\u0259 dig\u0259r idman t\u0259\u015fkilatlar\u0131n\u0131n tamh\u00fcquqlu \u00fczv\u00fcd\u00fcr.<\/p>\n<p>C\u0259nab Prezident, bu g\u00f6z\u0259l bayram m\u00fcnasib\u0259til\u0259 Siz\u0259 bir daha t\u0259brikl\u0259rimi v\u0259 xo\u015f arzular\u0131m\u0131 \u00e7atd\u0131r\u0131ram. \u00d6lk\u0259l\u0259rimiz aras\u0131nda yaranm\u0131\u015f bu c\u00fcr dostluq m\u00fcnasib\u0259tl\u0259rin\u0259 g\u00f6r\u0259 Siz\u0259 t\u0259\u015f\u0259kk\u00fcr edir\u0259m. X\u00fcsusi vur\u011fulamaq ist\u0259yir\u0259m ki, Braziliya-Az\u0259rbaycan parlamentl\u0259raras\u0131 dostluq qrupunun m\u0259qs\u0259di ikit\u0259r\u0259fli v\u0259 \u00e7oxt\u0259r\u0259fli \u0259m\u0259kda\u015fl\u0131\u011f\u0131 inki\u015faf etdirm\u0259kdir. Bizim \u0259sas m\u0259qs\u0259dimiz parlamentl\u0259r aras\u0131nda m\u0259lumat v\u0259 t\u0259cr\u00fcb\u0259 m\u00fcbadil\u0259sini h\u0259yata ke\u00e7irm\u0259k, iki \u00f6lk\u0259nin siyasi, iqtisadi, sosial v\u0259 m\u0259d\u0259ni sah\u0259l\u0259rd\u0259 \u0259laq\u0259l\u0259ri il\u0259 ba\u011fl\u0131 ara\u015fd\u0131rmalar aparmaq, h\u0259m\u00e7inin h\u0259mr\u0259ylik tell\u0259rini m\u00f6hk\u0259ml\u0259ndirm\u0259kdir.<\/p>\n<p>Sonda bir daha Sizi t\u0259brik edir, d\u0259y\u0259rli xalq\u0131n\u0131z\u0131n \u00e7\u0259tinlikl\u0259rin \u00f6hd\u0259sind\u0259n g\u0259lm\u0259k \u00fc\u00e7\u00fcn g\u00f6st\u0259rdiyi \u015f\u00fcca\u0259ti \u00e7ox y\u00fcks\u0259k qiym\u0259tl\u0259ndirir\u0259m.<\/p>\n<p>T\u0259brikl\u0259r, Az\u0259rbaycan!<\/p>\n<p>H\u00f6rm\u0259tl\u0259,<\/p>\n<p>Klaudio Kaxado<\/p>\n<p>Braziliya Milli Konqresinin Deputatlar Palatas\u0131nda<\/p>\n<p>Braziliya-Az\u0259rbaycan parlamentl\u0259raras\u0131 dostluq qrupunun s\u0259dri,<\/p>\n<p>federal deputat<\/p>\n<\/div>\n","protected":false},"excerpt":{"rendered":"<p>Az\u0259rbaycan Respublikas\u0131n\u0131n Prezidenti Zati-alil\u0259ri c\u0259nab \u0130lham \u018fliyev\u0259 H\u00f6rm\u0259tli c\u0259nab Prezident. M\u0259n Az\u0259rbaycan Respublikas\u0131n\u0131 m\u00fcst\u0259qilliyinin 102-ci v\u0259 Braziliyadak\u0131 diplomatik xidm\u0259tinin 101-ci&hellip;<\/p>\n","protected":false},"author":1,"featured_media":57322,"comment_status":"closed","ping_status":"closed","sticky":false,"template":"","format":"standard","meta":{"om_disable_all_campaigns":false,"_monsterinsights_skip_tracking":false,"_uf_show_specific_survey":0,"_uf_disable_surveys":false,"footnotes":""},"categories":[3,34],"tags":[],"aioseo_notices":[],"_links":{"self":[{"href":"https:\/\/hakimiyyet.info.az\/index.php?rest_route=\/wp\/v2\/posts\/57321"}],"collection":[{"href":"https:\/\/hakimiyyet.info.az\/index.php?rest_route=\/wp\/v2\/posts"}],"about":[{"href":"https:\/\/hakimiyyet.info.az\/index.php?rest_route=\/wp\/v2\/types\/post"}],"author":[{"embeddable":true,"href":"https:\/\/hakimiyyet.info.az\/index.php?rest_route=\/wp\/v2\/users\/1"}],"replies":[{"embeddable":true,"href":"https:\/\/hakimiyyet.info.az\/index.php?rest_route=%2Fwp%2Fv2%2Fcomments&post=57321"}],"version-history":[{"count":0,"href":"https:\/\/hakimiyyet.info.az\/index.php?rest_route=\/wp\/v2\/posts\/57321\/revisions"}],"wp:featuredmedia":[{"embeddable":true,"href":"https:\/\/hakimiyyet.info.az\/index.php?rest_route=\/wp\/v2\/media\/57322"}],"wp:attachment":[{"href":"https:\/\/hakimiyyet.info.az\/index.php?rest_route=%2Fwp%2Fv2%2Fmedia&parent=57321"}],"wp:term":[{"taxonomy":"category","embeddable":true,"href":"https:\/\/hakimiyyet.info.az\/index.php?rest_route=%2Fwp%2Fv2%2Fcategories&post=57321"},{"taxonomy":"post_tag","embeddable":true,"href":"https:\/\/hakimiyyet.info.az\/index.php?rest_route=%2Fwp%2Fv2%2Ftags&post=57321"}],"curies":[{"name":"wp","href":"https:\/\/api.w.org\/{rel}","templated":true}]}}