{"id":57358,"date":"2020-05-28T00:00:00","date_gmt":"2020-05-27T20:00:00","guid":{"rendered":"http:\/\/hakimiyyet.info.az\/?p=57358"},"modified":"2020-05-28T00:00:00","modified_gmt":"2020-05-27T20:00:00","slug":"bmt-nin-%c9%99traf-muhit-proqraminin-icraci-direktoru-inger-andersend%c9%99n","status":"publish","type":"post","link":"https:\/\/hakimiyyet.info.az\/?p=57358","title":{"rendered":"BMT-nin \u018ftraf M\u00fchit Proqram\u0131n\u0131n icra\u00e7\u0131 direktoru \u0130nger Andersend\u0259n"},"content":{"rendered":"<p><span class=\"news_date\">27 may 2020, 20:00<\/span><\/p>\n<div>\n<div class=\"news_paragraph-block\">\n<p>Az\u0259rbaycan Respublikas\u0131n\u0131n Prezidenti Zati-alil\u0259ri c\u0259nab \u0130lham \u018fliyev\u0259<\/p>\n<p>Zati-alil\u0259ri.<\/p>\n<p>Milli bayram\u0131n\u0131z \u2013 Respublika G\u00fcn\u00fc m\u00fcnasib\u0259til\u0259 Siz\u0259 v\u0259 Az\u0259rbaycan xalq\u0131na s\u0259mimi t\u0259brikl\u0259rimi \u00e7atd\u0131rmaq m\u0259n\u0259 q\u00fcrur hissi verir.<\/p>\n<p>Az\u0259rbaycan\u0131n \u0259traf m\u00fchiti qorumaq v\u0259 g\u0259l\u0259c\u0259k n\u0259sill\u0259r \u00fc\u00e7\u00fcn davaml\u0131 irs yaratmaq istiqam\u0259tind\u0259 son ill\u0259rd\u0259 n\u0259z\u0259r\u0259\u00e7arpan nailiyy\u0259tl\u0259r \u0259ld\u0259 etm\u0259si il\u0259 ba\u011fl\u0131 a\u015fa\u011f\u0131dak\u0131 b\u0259zi m\u0259qamlar\u0131 m\u0259mnunluqla qeyd edir\u0259m:<\/p>\n<p>&#8211; 2019-cu ilin noyabr\u0131nda bir g\u00fcnd\u0259 650 min a\u011fac\u0131n \u0259kilm\u0259si kimi kampaniya iqlim d\u0259yi\u015fikliyin\u0259 m\u0259nfi t\u0259sirl\u0259rin yum\u015fald\u0131lmas\u0131na n\u0259z\u0259r\u0259\u00e7arpan t\u00f6hf\u0259 idi. H\u0259min il Az\u0259rbaycan deqradasiyaya u\u011fram\u0131\u015f v\u0259 me\u015f\u0259sizl\u0259\u015fdirilmi\u015f y\u00fcz milyonlarla hektar sah\u0259l\u0259rin yenid\u0259n b\u0259rpas\u0131 m\u0259qs\u0259dil\u0259 Bonn \u00e7a\u011f\u0131r\u0131\u015f\u0131na qo\u015fulub.<\/p>\n<p>&#8211; Sovet d\u00f6n\u0259mind\u0259n qalm\u0131\u015f, Bak\u0131 \u015f\u0259h\u0259ri \u0259traf\u0131nda neftl\u0259 \u00e7irkl\u0259nmi\u015f \u0259razil\u0259rin t\u0259mizl\u0259nm\u0259si X\u0259z\u0259r sahilinin b\u00f6y\u00fck \u0259razil\u0259rind\u0259 Bak\u0131n\u0131n v\u0259 \u015f\u0259h\u0259r\u0259traf\u0131n\u0131n milyonlarla sakini aras\u0131nda daha sa\u011flam v\u0259 t\u0259hl\u00fck\u0259siz \u0259traf m\u00fchiti t\u0259bli\u011f etm\u0259k m\u0259qs\u0259dil\u0259 yeni inki\u015faf imkanlar\u0131n\u0131 \u0259rs\u0259y\u0259 g\u0259tirm\u0259k \u00fc\u00e7\u00fcn ir\u0259liy\u0259 at\u0131lan b\u00f6y\u00fck add\u0131m idi.<\/p>\n<p>&#8211; Bioloji m\u00fcxt\u0259lifliyi qorumaq v\u0259 ekoturizmi t\u0259bli\u011f etm\u0259k m\u0259qs\u0259dil\u0259 X\u0259z\u0259r d\u0259nizi sahili zonas\u0131nda nadir \u0259traf m\u00fchitin qorundu\u011fu Q\u0131z\u0131la\u011facda b\u00fct\u00fcn X\u0259z\u0259r regionunda ilk d\u0259niz milli park\u0131 sal\u0131n\u0131b.<\/p>\n<p>Bundan \u0259lav\u0259, Az\u0259rbaycan tullant\u0131lar\u0131n azald\u0131lmas\u0131, nadir d\u0259niz ekosisteminin konservasiyas\u0131, \u00e7irkl\u0259nm\u0259nin qar\u015f\u0131s\u0131n\u0131n al\u0131nmas\u0131 f\u0259aliyy\u0259tl\u0259rind\u0259 i\u015ftirak ed\u0259r\u0259k, Tehran Konvensiyas\u0131 il\u0259 idar\u0259 olunan BMT-nin \u018ftraf M\u00fchit Proqram\u0131n\u0131n i\u015fin\u0259 t\u00f6hf\u0259 olaraq X\u0259z\u0259rd\u0259 d\u0259niz m\u00fchitinin qorunmas\u0131nda \u0259h\u0259miyy\u0259tli rol oynay\u0131r.<\/p>\n<p>Zati-alil\u0259ri, bir daha f\u00fcrs\u0259td\u0259n istifad\u0259 ed\u0259r\u0259k, bu \u00f6n\u0259mli bayram m\u00fcnasib\u0259til\u0259 Sizi t\u0259brik edir, Az\u0259rbaycan Respublikas\u0131 il\u0259 davaml\u0131 \u0259m\u0259kda\u015fl\u0131\u011f\u0131 s\u0259birsizlikl\u0259 g\u00f6zl\u0259yir\u0259m.<\/p>\n<p>\u018fn d\u0259rin ehtiram\u0131m\u0131 q\u0259bul etm\u0259yinizi xahi\u015f edir\u0259m.<\/p>\n<p>\u0130nger Andersen<\/p>\n<p>BMT-nin \u018ftraf M\u00fchit Proqram\u0131n\u0131n icra\u00e7\u0131 direktoru<\/p>\n<\/div>\n<\/div>\n","protected":false},"excerpt":{"rendered":"<p>27 may 2020, 20:00 Az\u0259rbaycan Respublikas\u0131n\u0131n Prezidenti Zati-alil\u0259ri c\u0259nab \u0130lham \u018fliyev\u0259 Zati-alil\u0259ri. Milli bayram\u0131n\u0131z \u2013 Respublika G\u00fcn\u00fc m\u00fcnasib\u0259til\u0259 Siz\u0259 v\u0259&hellip;<\/p>\n","protected":false},"author":1,"featured_media":57359,"comment_status":"closed","ping_status":"closed","sticky":false,"template":"","format":"standard","meta":{"om_disable_all_campaigns":false,"_monsterinsights_skip_tracking":false,"_uf_show_specific_survey":0,"_uf_disable_surveys":false,"footnotes":""},"categories":[3,34],"tags":[],"aioseo_notices":[],"_links":{"self":[{"href":"https:\/\/hakimiyyet.info.az\/index.php?rest_route=\/wp\/v2\/posts\/57358"}],"collection":[{"href":"https:\/\/hakimiyyet.info.az\/index.php?rest_route=\/wp\/v2\/posts"}],"about":[{"href":"https:\/\/hakimiyyet.info.az\/index.php?rest_route=\/wp\/v2\/types\/post"}],"author":[{"embeddable":true,"href":"https:\/\/hakimiyyet.info.az\/index.php?rest_route=\/wp\/v2\/users\/1"}],"replies":[{"embeddable":true,"href":"https:\/\/hakimiyyet.info.az\/index.php?rest_route=%2Fwp%2Fv2%2Fcomments&post=57358"}],"version-history":[{"count":0,"href":"https:\/\/hakimiyyet.info.az\/index.php?rest_route=\/wp\/v2\/posts\/57358\/revisions"}],"wp:featuredmedia":[{"embeddable":true,"href":"https:\/\/hakimiyyet.info.az\/index.php?rest_route=\/wp\/v2\/media\/57359"}],"wp:attachment":[{"href":"https:\/\/hakimiyyet.info.az\/index.php?rest_route=%2Fwp%2Fv2%2Fmedia&parent=57358"}],"wp:term":[{"taxonomy":"category","embeddable":true,"href":"https:\/\/hakimiyyet.info.az\/index.php?rest_route=%2Fwp%2Fv2%2Fcategories&post=57358"},{"taxonomy":"post_tag","embeddable":true,"href":"https:\/\/hakimiyyet.info.az\/index.php?rest_route=%2Fwp%2Fv2%2Ftags&post=57358"}],"curies":[{"name":"wp","href":"https:\/\/api.w.org\/{rel}","templated":true}]}}