{"id":57379,"date":"2020-05-27T23:40:00","date_gmt":"2020-05-27T19:40:00","guid":{"rendered":"http:\/\/hakimiyyet.info.az\/?p=57379"},"modified":"2020-05-27T23:40:00","modified_gmt":"2020-05-27T19:40:00","slug":"braziliya-senatinin-birinci-vitse-prezidenti-braziliya-az%c9%99rbaycan-parlamentl%c9%99rarasi-dostluq-qrupunun-senatdaki-s%c9%99dri-antonio-anastasiadan","status":"publish","type":"post","link":"https:\/\/hakimiyyet.info.az\/?p=57379","title":{"rendered":"Braziliya Senat\u0131n\u0131n Birinci vitse-prezidenti, Braziliya-Az\u0259rbaycan parlamentl\u0259raras\u0131 dostluq qrupunun Senatdak\u0131 s\u0259dri Antonio Anastasiadan"},"content":{"rendered":"<div>\n<p><span style=\"background-color: transparent;\">Az\u0259rbaycan Respublikas\u0131n\u0131n Prezidenti Zati-alil\u0259ri c\u0259nab \u0130lham \u018fliyev\u0259<\/span><\/p>\n<p>Zati-alil\u0259ri, c\u0259nab Prezident.<\/p>\n<p>Qar\u015f\u0131l\u0131ql\u0131 dostluq v\u0259 h\u00f6rm\u0259t m\u00fcnasib\u0259tl\u0259rini inki\u015faf etdirdiyimiz Az\u0259rbaycan\u0131 milli bayram\u0131 m\u00fcnasib\u0259til\u0259 t\u0259brik etm\u0259k m\u0259n\u0259 q\u00fcrur hissi verir.<\/p>\n<p>1993-c\u00fc ild\u0259 diplomatik \u0259laq\u0259l\u0259rimiz qurulandan b\u0259ri biz strateji, co\u011frafi v\u0259 geosiyasi bax\u0131mdan \u0259lveri\u015fli m\u0259kanda yerl\u0259\u015f\u0259n, m\u00fch\u00fcm \u00fcst\u00fcnl\u00fckl\u0259r\u0259 malik, d\u00fcny\u0259vi, m\u00fcasir v\u0259 stabil demokratiyaya n\u00fcmun\u0259 olan, \u0259halisinin m\u00fcxt\u0259lifliyi il\u0259 q\u00fcrur duydu\u011fu Az\u0259rbaycanla \u0259laq\u0259l\u0259ri d\u0259rinl\u0259\u015fdirm\u0259k imkan\u0131m\u0131z oldu. Bundan \u0259lav\u0259, bu, b\u00f6y\u00fck iqtisadi v\u0259 ticari potensial\u0131 n\u00fcmayi\u015f etdirir. Bel\u0259 ki, C\u0259nubi Qafqaz\u0131n \u00fcmumi daxili m\u0259hsulunun yar\u0131dan \u00e7oxu Az\u0259rbaycan\u0131n pay\u0131na d\u00fc\u015f\u00fcr.<\/p>\n<p>2014-c\u00fc ild\u0259 diplomatiyan\u0131n ba\u015fqa bir s\u0259m\u0259r\u0259li formas\u0131n\u0131 t\u0259tbiq etm\u0259k m\u0259qs\u0259dil\u0259 qanunvericil\u0259rin beyn\u0259lxalq s\u0259viyy\u0259d\u0259 parlament t\u0259\u015fkilatlar\u0131nda i\u015ftirak etm\u0259l\u0259rinin n\u0259tic\u0259si olaraq Braziliya-Az\u0259rbaycan parlamentl\u0259raras\u0131 dostluq qrupu yarad\u0131l\u0131b.<\/p>\n<p>\u00d6z f\u0259aliyy\u0259ti il\u0259 siyasi v\u0259 parlamentl\u0259raras\u0131 dialoq, r\u0259smi v\u0259 i\u015fg\u00fczar s\u0259f\u0259rl\u0259r vasit\u0259sil\u0259 \u00f6lk\u0259l\u0259rimiz\u0259 m\u00fcsb\u0259t dinamika ver\u0259n bu qrupa b\u00f6y\u00fck q\u00fcrur v\u0259 m\u0259mnuniyy\u0259t hissi il\u0259 Senatda r\u0259hb\u0259rlik edir\u0259m. Parlamentl\u0259rimiz t\u0259r\u0259find\u0259n m\u00fcmk\u00fcn investisiya sah\u0259l\u0259ri m\u00fc\u0259yy\u0259nl\u0259\u015fdirilib v\u0259 inki\u015faf f\u0259aliyy\u0259tl\u0259rinin g\u00fcnd\u0259liyi haz\u0131rlan\u0131b.<\/p>\n<p>Az\u0259rbaycan\u0131n neft v\u0259 qaz hasilat\u0131 diqq\u0259t m\u0259rk\u0259zind\u0259dir. Az\u0259rbaycan t\u0259r\u0259find\u0259n q\u0259bul edil\u0259n s\u0259m\u0259r\u0259li model d\u00f6vl\u0259t \u015firk\u0259tinin b\u00fct\u00fcn m\u00fcqavil\u0259l\u0259rd\u0259 i\u015ftirak\u0131n\u0131 n\u0259z\u0259rd\u0259 tutur ki, bu da yerli Suveren Fonda \u00f6lk\u0259 daxilind\u0259 v\u0259 Braziliya da daxil olmaqla xaricd\u0259 \u00f6z investisiyalar\u0131n\u0131 \u015fax\u0259l\u0259ndirm\u0259y\u0259 imkan verir.<\/p>\n<p>M\u0259d\u0259niyy\u0259t sah\u0259sin\u0259 g\u0259linc\u0259, parlamentl\u0259raras\u0131 \u0259laq\u0259l\u0259r bu sah\u0259d\u0259 d\u0259 z\u0259nginlik tap\u0131r. Musiqid\u0259, &#8220;\u015e\u0259rqin konservatoriyas\u0131&#8221; ad\u0131 il\u0259 tan\u0131nan Az\u0259rbaycan\u0131n m\u0259\u015fhur b\u0259st\u0259kar \u00dczeyir Hac\u0131b\u0259yli t\u0259r\u0259find\u0259n b\u0259st\u0259l\u0259nmi\u015f, m\u00fcs\u0259lman d\u00fcnyas\u0131nda ilk opera olan Leyli v\u0259 M\u0259cnun operas\u0131ndan ba\u015flayaraq n\u00fcmayi\u015f etdirm\u0259y\u0259 \u00e7ox \u015feyi var. \u018fd\u0259biyyatda, Mirz\u0259 F\u0259t\u0259li Axundzad\u0259, Mirz\u0259 \u018fl\u0259kb\u0259r Sabir, C\u0259lil M\u0259mm\u0259dquluzad\u0259, C\u0259f\u0259r Cabbarl\u0131, Firudin b\u0259y K\u00f6\u00e7\u0259rli v\u0259 \u018fhm\u0259d Cavad kimi g\u00f6rk\u0259mli \u015f\u0259xsl\u0259ri var. \u0130nc\u0259s\u0259n\u0259t, memarl\u0131q, teatr v\u0259 kinematoqrafiyada da ox\u015far nailiyy\u0259tl\u0259ri var.<\/p>\n<p>Az\u0259rbaycan \u0259halisinin savadl\u0131l\u0131q d\u0259r\u0259c\u0259sinin 100 faiz oldu\u011funu n\u0259z\u0259r\u0259 alsaq t\u0259hsil sah\u0259sind\u0259, el\u0259c\u0259 d\u0259 futbolda b\u00f6y\u00fck qar\u015f\u0131l\u0131ql\u0131 mara\u011f\u0131 v\u0259 h\u0259r iki \u00f6lk\u0259nin n\u0259h\u0259ng turist potensial\u0131n\u0131 \u00f6n\u0259 \u00e7\u0259km\u0259kl\u0259 bu sah\u0259l\u0259rd\u0259 t\u0259cr\u00fcb\u0259 m\u00fcbadil\u0259si faydal\u0131 olar.<\/p>\n<p>Bu il \u00f6lk\u0259nizd\u0259 s\u0259f\u0259rd\u0259 olark\u0259n z\u0259ngin v\u0259 g\u00f6z\u0259l Bak\u0131ya s\u0259f\u0259r etm\u0259kd\u0259n \u0259lav\u0259, m\u0259n demokratiyas\u0131n\u0131n g\u00fcc\u00fc, \u0259halisinin m\u00fcasirliyi il\u0259 \u00f6lk\u0259l\u0259rimiz aras\u0131nda iqtisadi, sosial v\u0259 m\u0259d\u0259ni \u0259laq\u0259l\u0259rin b\u00f6y\u00fck imkanlar\u0131n\u0131n \u015fahidi oldum.<\/p>\n<p>C\u0259nab Prezident, Braziliyan\u0131n dostlu\u011fu v\u0259 m\u00fcxt\u0259lif sah\u0259l\u0259rd\u0259 \u0259m\u0259kda\u015fl\u0131\u011f\u0131 g\u00fccl\u0259ndirm\u0259k niyy\u0259tind\u0259 oldu\u011fu Az\u0259rbaycan kimi g\u00f6z\u0259l \u00f6lk\u0259nin milli bayram\u0131 m\u00fcnasib\u0259til\u0259 t\u0259brikl\u0259rimi q\u0259bul etm\u0259yinizi xahi\u015f edir\u0259m.<\/p>\n<p>H\u00f6rm\u0259tl\u0259,<\/p>\n<p>Antonio Anastasia<\/p>\n<p>Braziliya Senat\u0131n\u0131n Birinci vitse-prezidenti,<\/p>\n<p>Braziliya-Az\u0259rbaycan parlamentl\u0259raras\u0131 dostluq qrupunun Senatdak\u0131 s\u0259dri<\/p>\n<\/div>\n","protected":false},"excerpt":{"rendered":"<p>Az\u0259rbaycan Respublikas\u0131n\u0131n Prezidenti Zati-alil\u0259ri c\u0259nab \u0130lham \u018fliyev\u0259 Zati-alil\u0259ri, c\u0259nab Prezident. Qar\u015f\u0131l\u0131ql\u0131 dostluq v\u0259 h\u00f6rm\u0259t m\u00fcnasib\u0259tl\u0259rini inki\u015faf etdirdiyimiz Az\u0259rbaycan\u0131 milli bayram\u0131&hellip;<\/p>\n","protected":false},"author":1,"featured_media":57380,"comment_status":"closed","ping_status":"closed","sticky":false,"template":"","format":"standard","meta":{"om_disable_all_campaigns":false,"_monsterinsights_skip_tracking":false,"_uf_show_specific_survey":0,"_uf_disable_surveys":false,"footnotes":""},"categories":[3,34],"tags":[],"aioseo_notices":[],"_links":{"self":[{"href":"https:\/\/hakimiyyet.info.az\/index.php?rest_route=\/wp\/v2\/posts\/57379"}],"collection":[{"href":"https:\/\/hakimiyyet.info.az\/index.php?rest_route=\/wp\/v2\/posts"}],"about":[{"href":"https:\/\/hakimiyyet.info.az\/index.php?rest_route=\/wp\/v2\/types\/post"}],"author":[{"embeddable":true,"href":"https:\/\/hakimiyyet.info.az\/index.php?rest_route=\/wp\/v2\/users\/1"}],"replies":[{"embeddable":true,"href":"https:\/\/hakimiyyet.info.az\/index.php?rest_route=%2Fwp%2Fv2%2Fcomments&post=57379"}],"version-history":[{"count":0,"href":"https:\/\/hakimiyyet.info.az\/index.php?rest_route=\/wp\/v2\/posts\/57379\/revisions"}],"wp:featuredmedia":[{"embeddable":true,"href":"https:\/\/hakimiyyet.info.az\/index.php?rest_route=\/wp\/v2\/media\/57380"}],"wp:attachment":[{"href":"https:\/\/hakimiyyet.info.az\/index.php?rest_route=%2Fwp%2Fv2%2Fmedia&parent=57379"}],"wp:term":[{"taxonomy":"category","embeddable":true,"href":"https:\/\/hakimiyyet.info.az\/index.php?rest_route=%2Fwp%2Fv2%2Fcategories&post=57379"},{"taxonomy":"post_tag","embeddable":true,"href":"https:\/\/hakimiyyet.info.az\/index.php?rest_route=%2Fwp%2Fv2%2Ftags&post=57379"}],"curies":[{"name":"wp","href":"https:\/\/api.w.org\/{rel}","templated":true}]}}