{"id":57395,"date":"2020-05-27T21:25:00","date_gmt":"2020-05-27T17:25:00","guid":{"rendered":"http:\/\/hakimiyyet.info.az\/2019\/57395"},"modified":"2020-05-27T21:25:00","modified_gmt":"2020-05-27T17:25:00","slug":"ukrayna-prezidenti-vladimir-zelenski-az%c9%99rbaycan-ilham-%c9%99liyev%c9%99-telefonla-z%c9%99ng-edib","status":"publish","type":"post","link":"https:\/\/hakimiyyet.info.az\/?p=57395","title":{"rendered":"Ukrayna Prezidenti Vladimir Zelenski Az\u0259rbaycan \u0130lham \u018fliyev\u0259 telefonla z\u0259ng edib"},"content":{"rendered":"<p><span class=\"news_date\">27 may 2020, 17:25<\/span><\/p>\n<div>\n<div class=\"news_paragraph-block\">\n<p>May\u0131n 27-d\u0259 Ukrayna Prezidenti Vladimir Zelenski Az\u0259rbaycan Respublikas\u0131n\u0131n Prezidenti \u0130lham \u018fliyev\u0259 telefonla z\u0259ng edib.<\/p>\n<p>Ukrayna Prezidenti koronavirusla m\u00fcbariz\u0259 il\u0259 ba\u011fl\u0131 Az\u0259rbaycan\u0131n Ukraynaya g\u00f6st\u0259rdiyi humanitar yard\u0131ma g\u00f6r\u0259 minn\u0259tdarl\u0131\u011f\u0131n\u0131 bildirib, bunu bu a\u011f\u0131r d\u00f6vrd\u0259 dostluq m\u00fcnasib\u0259tl\u0259rinin t\u0259zah\u00fcr\u00fc kimi d\u0259y\u0259rl\u0259ndirib.<\/p>\n<p>Prezident \u0130lham \u018fliyev bu yard\u0131m\u0131n \u00f6lk\u0259l\u0259rimiz v\u0259 xalqlar\u0131m\u0131z aras\u0131nda m\u00fcnasib\u0259tl\u0259rin ruhunu \u0259ks etdirdiyini bildirib.<\/p>\n<p>Telefon s\u00f6hb\u0259ti zaman\u0131 Az\u0259rbaycan investisiyas\u0131 hesab\u0131na Ukraynada h\u0259yata ke\u00e7iril\u0259n layih\u0259l\u0259rin icras\u0131 il\u0259 ba\u011fl\u0131 m\u0259s\u0259l\u0259l\u0259r d\u0259 m\u00fczakir\u0259 olunub.<\/p>\n<p>Prezident \u0130lham \u018fliyev v\u0259 Prezident Vladimir Zelenski postpandemiya d\u00f6vr\u00fcnd\u0259 d\u0259 siyasi, iqtisadi-ticar\u0259t, n\u0259qliyyat sah\u0259l\u0259rind\u0259 \u0259m\u0259kda\u015fl\u0131\u011f\u0131n davam etdirilm\u0259sinin z\u0259ruriliyini vur\u011fulay\u0131blar.<\/p>\n<p>Ukrayna Prezidenti Ramazan ay\u0131n\u0131n ba\u015fa \u00e7atmas\u0131 v\u0259 Respublika G\u00fcn\u00fc m\u00fcnasib\u0259til\u0259 Prezident \u0130lham \u018fliyevi v\u0259 Az\u0259rbaycan xalq\u0131n\u0131 t\u0259brik edib.<\/p>\n<p>D\u00f6vl\u0259timizin ba\u015f\u00e7\u0131s\u0131 t\u0259brik\u0259 g\u00f6r\u0259 minn\u0259tdarl\u0131\u011f\u0131n\u0131 bildirib.<\/p>\n<p>S\u00f6hb\u0259t zaman\u0131 bir s\u0131ra ikit\u0259r\u0259fli v\u0259 beyn\u0259lxalq m\u0259s\u0259l\u0259l\u0259rl\u0259 ba\u011fl\u0131 fikir m\u00fcbadil\u0259si apar\u0131l\u0131b.<\/p>\n<\/div>\n<\/div>\n","protected":false},"excerpt":{"rendered":"<p>27 may 2020, 17:25 May\u0131n 27-d\u0259 Ukrayna Prezidenti Vladimir Zelenski Az\u0259rbaycan Respublikas\u0131n\u0131n Prezidenti \u0130lham \u018fliyev\u0259 telefonla z\u0259ng edib. Ukrayna Prezidenti&hellip;<\/p>\n","protected":false},"author":1,"featured_media":57396,"comment_status":"closed","ping_status":"closed","sticky":false,"template":"","format":"standard","meta":{"om_disable_all_campaigns":false,"_monsterinsights_skip_tracking":false,"_uf_show_specific_survey":0,"_uf_disable_surveys":false,"footnotes":""},"categories":[3,34],"tags":[],"aioseo_notices":[],"_links":{"self":[{"href":"https:\/\/hakimiyyet.info.az\/index.php?rest_route=\/wp\/v2\/posts\/57395"}],"collection":[{"href":"https:\/\/hakimiyyet.info.az\/index.php?rest_route=\/wp\/v2\/posts"}],"about":[{"href":"https:\/\/hakimiyyet.info.az\/index.php?rest_route=\/wp\/v2\/types\/post"}],"author":[{"embeddable":true,"href":"https:\/\/hakimiyyet.info.az\/index.php?rest_route=\/wp\/v2\/users\/1"}],"replies":[{"embeddable":true,"href":"https:\/\/hakimiyyet.info.az\/index.php?rest_route=%2Fwp%2Fv2%2Fcomments&post=57395"}],"version-history":[{"count":0,"href":"https:\/\/hakimiyyet.info.az\/index.php?rest_route=\/wp\/v2\/posts\/57395\/revisions"}],"wp:featuredmedia":[{"embeddable":true,"href":"https:\/\/hakimiyyet.info.az\/index.php?rest_route=\/wp\/v2\/media\/57396"}],"wp:attachment":[{"href":"https:\/\/hakimiyyet.info.az\/index.php?rest_route=%2Fwp%2Fv2%2Fmedia&parent=57395"}],"wp:term":[{"taxonomy":"category","embeddable":true,"href":"https:\/\/hakimiyyet.info.az\/index.php?rest_route=%2Fwp%2Fv2%2Fcategories&post=57395"},{"taxonomy":"post_tag","embeddable":true,"href":"https:\/\/hakimiyyet.info.az\/index.php?rest_route=%2Fwp%2Fv2%2Ftags&post=57395"}],"curies":[{"name":"wp","href":"https:\/\/api.w.org\/{rel}","templated":true}]}}