{"id":57659,"date":"2020-05-28T18:30:00","date_gmt":"2020-05-28T14:30:00","guid":{"rendered":"http:\/\/hakimiyyet.info.az\/?p=57659"},"modified":"2020-05-28T18:30:00","modified_gmt":"2020-05-28T14:30:00","slug":"az%c9%99rbaycan-prezidentinin-r%c9%99smi-internet-s%c9%99hif%c9%99si-31","status":"publish","type":"post","link":"https:\/\/hakimiyyet.info.az\/?p=57659","title":{"rendered":"Az\u0259rbaycan Prezidentinin R\u0259smi internet s\u0259hif\u0259si"},"content":{"rendered":"<div>\n<p><span style=\"background-color: transparent; -webkit-tap-highlight-color: transparent; -webkit-text-size-adjust: 100%;\">H\u00f6rm\u0259tli c\u0259nab Prezident.<\/span><\/p>\n<p>Az\u0259rbaycan\u0131n s\u00fcr\u0259tli inki\u015faf\u0131, \u0259haliy\u0259 diqq\u0259t v\u0259 qay\u011f\u0131n\u0131z bir Az\u0259rbaycan v\u0259t\u0259nda\u015f\u0131 olaraq Siz\u0259 bu minn\u0259tdarl\u0131q m\u0259ktubunu \u00fcnvanlama\u011f\u0131ma s\u0259b\u0259b oldu.<\/p>\n<p>H\u00f6rm\u0259tli c\u0259nab Prezident, Az\u0259rbaycan d\u00f6vl\u0259tinin son d\u00f6vrl\u0259rd\u0259 ya\u015fanan m\u0259lum pandemiya d\u00f6vr\u00fcnd\u0259n aln\u0131a\u00e7\u0131q \u00e7\u0131xmas\u0131, sahibkarlara, azt\u0259minatl\u0131 ail\u0259l\u0259r\u0259 yard\u0131m, d\u00f6vl\u0259t m\u0259murlar\u0131na ciddi n\u0259zar\u0259t, xalq v\u0259 d\u00f6vl\u0259tin bir-birin\u0259 nec\u0259 s\u0131x ba\u011fl\u0131 oldu\u011funun g\u00f6st\u0259ricisidir. Yasamal sakini olaraq, Sizin S\u0259r\u0259ncam\u0131n\u0131zla yarad\u0131lm\u0131\u015f Dost \u0130\u015f M\u0259rk\u0259zinin sosial i\u015f\u00e7isi kimi Siz\u0259 xalq\u0131m\u0131za, mill\u0259timiz\u0259 bu q\u0259d\u0259r diqq\u0259t v\u0259 qay\u011f\u0131n\u0131z \u00fc\u00e7\u00fcn minn\u0259tdarl\u0131\u011f\u0131m\u0131 bildirir\u0259m. Ulu Tanr\u0131 xalq\u0131n\u0131 bu q\u0259d\u0259r sev\u0259n, qoruyan Prezidentimizi v\u0259 Birinci vitse-prezidentimiz Mehriban xan\u0131m \u018fliyevan\u0131 qorusun.<\/p>\n<p>H\u00f6rm\u0259tl\u0259,<\/p>\n<p>Mansurova N\u0259rmin\u0259 \u0130sa q\u0131z\u0131<\/p>\n<p>Az\u0259rbaycan Respublikas\u0131, Bak\u0131 \u015f\u0259h\u0259ri.-<\/p>\n<\/div>\n","protected":false},"excerpt":{"rendered":"<p>H\u00f6rm\u0259tli c\u0259nab Prezident. Az\u0259rbaycan\u0131n s\u00fcr\u0259tli inki\u015faf\u0131, \u0259haliy\u0259 diqq\u0259t v\u0259 qay\u011f\u0131n\u0131z bir Az\u0259rbaycan v\u0259t\u0259nda\u015f\u0131 olaraq Siz\u0259 bu minn\u0259tdarl\u0131q m\u0259ktubunu \u00fcnvanlama\u011f\u0131ma s\u0259b\u0259b&hellip;<\/p>\n","protected":false},"author":1,"featured_media":57660,"comment_status":"closed","ping_status":"closed","sticky":false,"template":"","format":"standard","meta":{"om_disable_all_campaigns":false,"_monsterinsights_skip_tracking":false,"_uf_show_specific_survey":0,"_uf_disable_surveys":false,"footnotes":""},"categories":[3,34],"tags":[],"aioseo_notices":[],"_links":{"self":[{"href":"https:\/\/hakimiyyet.info.az\/index.php?rest_route=\/wp\/v2\/posts\/57659"}],"collection":[{"href":"https:\/\/hakimiyyet.info.az\/index.php?rest_route=\/wp\/v2\/posts"}],"about":[{"href":"https:\/\/hakimiyyet.info.az\/index.php?rest_route=\/wp\/v2\/types\/post"}],"author":[{"embeddable":true,"href":"https:\/\/hakimiyyet.info.az\/index.php?rest_route=\/wp\/v2\/users\/1"}],"replies":[{"embeddable":true,"href":"https:\/\/hakimiyyet.info.az\/index.php?rest_route=%2Fwp%2Fv2%2Fcomments&post=57659"}],"version-history":[{"count":0,"href":"https:\/\/hakimiyyet.info.az\/index.php?rest_route=\/wp\/v2\/posts\/57659\/revisions"}],"wp:featuredmedia":[{"embeddable":true,"href":"https:\/\/hakimiyyet.info.az\/index.php?rest_route=\/wp\/v2\/media\/57660"}],"wp:attachment":[{"href":"https:\/\/hakimiyyet.info.az\/index.php?rest_route=%2Fwp%2Fv2%2Fmedia&parent=57659"}],"wp:term":[{"taxonomy":"category","embeddable":true,"href":"https:\/\/hakimiyyet.info.az\/index.php?rest_route=%2Fwp%2Fv2%2Fcategories&post=57659"},{"taxonomy":"post_tag","embeddable":true,"href":"https:\/\/hakimiyyet.info.az\/index.php?rest_route=%2Fwp%2Fv2%2Ftags&post=57659"}],"curies":[{"name":"wp","href":"https:\/\/api.w.org\/{rel}","templated":true}]}}