{"id":57679,"date":"2020-05-28T15:50:38","date_gmt":"2020-05-28T11:50:38","guid":{"rendered":"http:\/\/hakimiyyet.info.az\/2019\/57679"},"modified":"2020-05-28T15:50:38","modified_gmt":"2020-05-28T11:50:38","slug":"rusiya-az%c9%99rbaycan-s%c9%99rh%c9%99dind%c9%99-toplasanlarin-v%c9%99t%c9%99n%c9%99-qayitmasina-calisiriq","status":"publish","type":"post","link":"https:\/\/hakimiyyet.info.az\/?p=57679","title":{"rendered":"&#8220;Rusiya-Az\u0259rbaycan s\u0259rh\u0259dind\u0259 topla\u015fanlar\u0131n v\u0259t\u0259n\u0259 qay\u0131tmas\u0131na \u00e7al\u0131\u015f\u0131r\u0131q&#8221;"},"content":{"rendered":"<p>\u201cHakimiyyet.com\u201d x\u0259b\u0259r verir ki, <\/p>\n<div>\n<p>&#8220;Rusiya-Az\u0259rbaycan s\u0259rh\u0259dind\u0259 topla\u015fan insanlar\u0131n tez bir zamanda v\u0259t\u0259n\u0259 qay\u0131tmas\u0131 \u00fc\u00e7\u00fcn m\u00fcmk\u00fcn olan h\u0259r \u015feyi edirik&#8221;.\u00a0<\/p>\n<p><a href=\"https:\/\/apa.az\" target=\"_blank\" style=\"display: inline !important;\" rel=\"noopener noreferrer\">APA<\/a>-n\u0131n Moskva m\u00fcxbirinin verdiyi m\u0259lumata g\u00f6r\u0259, bunu TASS agentliyind\u0259 Rusiya il\u0259 Az\u0259rbaycan aras\u0131nda m\u00fcnasib\u0259tl\u0259rin perspektivl\u0259rin\u0259 h\u0259sr olunmu\u015f \u201cRusiya v\u0259 Az\u0259rbaycan: strateji \u0259m\u0259kda\u015fl\u0131\u011f\u0131n \u00fcf\u00fcql\u0259ri\u201d adl\u0131 onlayn m\u0259tbuat konfrans\u0131nda \u00e7\u0131x\u0131\u015f ed\u0259n Az\u0259rbaycan\u0131n Rusiyadak\u0131 f\u00f6vq\u0259lad\u0259 v\u0259 s\u0259lahiyy\u0259tli s\u0259firi Polad B\u00fclb\u00fclo\u011flu bildirib.\u00a0<\/p>\n<p>&#8220;M\u0259n f\u00fcrs\u0259td\u0259n istifad\u0259 edib, Da\u011f\u0131stan Respublikas\u0131n\u0131n r\u0259hb\u0259rliyin\u0259, respublikan\u0131n sakinl\u0259rin\u0259 t\u0259\u015f\u0259kk\u00fcr\u00fcm\u00fc bildirir\u0259m. Biz d\u0259f\u0259l\u0259rl\u0259 v\u0259t\u0259nda\u015flar\u0131m\u0131za m\u00fcraci\u0259t etmi\u015fdik ki, Da\u011f\u0131stan-Az\u0259rbaycan s\u0259rh\u0259dind\u0259 topla\u015fmas\u0131nlar. Lakin insanlar\u0131 da ba\u015fa d\u00fc\u015fm\u0259k olar. Onlar i\u015f yerl\u0259rini itiribl\u0259r. M\u0259n bir daha h\u0259min insanlar\u0131 \u0259min etm\u0259k v\u0259 son r\u0259q\u0259ml\u0259ri a\u00e7\u0131qlamaq ist\u0259yir\u0259m. Mart\u0131 ay\u0131n\u0131n ortalar\u0131ndan bu g\u00fcn\u0259 kimi 7500-d\u0259n \u00e7ox Az\u0259rbaycan v\u0259t\u0259nda\u015f\u0131 v\u0259t\u0259n\u0259 d\u00f6n\u0259 bilib. Rusiya v\u0259 Az\u0259rbaycan prezidentl\u0259rinin telefon dan\u0131\u015f\u0131\u011f\u0131ndan sonra is\u0259 q\u0131sa m\u00fcdd\u0259t \u0259rzind\u0259 400 n\u0259f\u0259rd\u0259n \u00e7ox v\u0259t\u0259nda\u015f\u0131m\u0131z Rusiya-Az\u0259rbaycan quru s\u0259rh\u0259di vasit\u0259si il\u0259 v\u0259t\u0259n\u0259 qay\u0131d\u0131b. D\u00fcn\u0259n 175 v\u0259t\u0259nda\u015f\u0131m\u0131z da\u015f\u0131yan t\u0259yyar\u0259 Moskvadan Bak\u0131ya u\u00e7ub. Dem\u0259k ist\u0259yir\u0259m ki, m\u00fcmk\u00fcn olan h\u0259r \u015fey edilir. Lakin bir az s\u0259birli olmaq laz\u0131md\u0131r. Anla\u015f\u0131land\u0131r ki, bu \u00e7\u0259tindir. V\u0259t\u0259n\u0259 d\u00f6nm\u0259yin m\u00fcmk\u00fcn oldu\u011fu zaman\u0131 g\u00f6zl\u0259m\u0259k laz\u0131md\u0131r&#8221;, &#8211; dey\u0259 diplomat qeyd edib.\u00a0 \u00a0<\/p>\n<p>\u00a0<\/p>\n<\/p><\/div>\n","protected":false},"excerpt":{"rendered":"<p>\u201cHakimiyyet.com\u201d x\u0259b\u0259r verir ki, &#8220;Rusiya-Az\u0259rbaycan s\u0259rh\u0259dind\u0259 topla\u015fan insanlar\u0131n tez bir zamanda v\u0259t\u0259n\u0259 qay\u0131tmas\u0131 \u00fc\u00e7\u00fcn m\u00fcmk\u00fcn olan h\u0259r \u015feyi edirik&#8221;.\u00a0 APA-n\u0131n&hellip;<\/p>\n","protected":false},"author":1,"featured_media":57680,"comment_status":"closed","ping_status":"closed","sticky":false,"template":"","format":"standard","meta":{"om_disable_all_campaigns":false,"_monsterinsights_skip_tracking":false,"_uf_show_specific_survey":0,"_uf_disable_surveys":false,"footnotes":""},"categories":[23,5],"tags":[],"aioseo_notices":[],"_links":{"self":[{"href":"https:\/\/hakimiyyet.info.az\/index.php?rest_route=\/wp\/v2\/posts\/57679"}],"collection":[{"href":"https:\/\/hakimiyyet.info.az\/index.php?rest_route=\/wp\/v2\/posts"}],"about":[{"href":"https:\/\/hakimiyyet.info.az\/index.php?rest_route=\/wp\/v2\/types\/post"}],"author":[{"embeddable":true,"href":"https:\/\/hakimiyyet.info.az\/index.php?rest_route=\/wp\/v2\/users\/1"}],"replies":[{"embeddable":true,"href":"https:\/\/hakimiyyet.info.az\/index.php?rest_route=%2Fwp%2Fv2%2Fcomments&post=57679"}],"version-history":[{"count":0,"href":"https:\/\/hakimiyyet.info.az\/index.php?rest_route=\/wp\/v2\/posts\/57679\/revisions"}],"wp:featuredmedia":[{"embeddable":true,"href":"https:\/\/hakimiyyet.info.az\/index.php?rest_route=\/wp\/v2\/media\/57680"}],"wp:attachment":[{"href":"https:\/\/hakimiyyet.info.az\/index.php?rest_route=%2Fwp%2Fv2%2Fmedia&parent=57679"}],"wp:term":[{"taxonomy":"category","embeddable":true,"href":"https:\/\/hakimiyyet.info.az\/index.php?rest_route=%2Fwp%2Fv2%2Fcategories&post=57679"},{"taxonomy":"post_tag","embeddable":true,"href":"https:\/\/hakimiyyet.info.az\/index.php?rest_route=%2Fwp%2Fv2%2Ftags&post=57679"}],"curies":[{"name":"wp","href":"https:\/\/api.w.org\/{rel}","templated":true}]}}