{"id":57714,"date":"2020-05-28T16:44:39","date_gmt":"2020-05-28T12:44:39","guid":{"rendered":"http:\/\/hakimiyyet.info.az\/2019\/57714"},"modified":"2020-05-28T16:44:39","modified_gmt":"2020-05-28T12:44:39","slug":"turkiy%c9%99-az%c9%99rbaycan-gurcustan-turkm%c9%99nistan-v%c9%99-%c9%99fqanistan-arasinda-imzalanan-sazis-t%c9%99sdiql%c9%99nib","status":"publish","type":"post","link":"https:\/\/hakimiyyet.info.az\/?p=57714","title":{"rendered":"T\u00fcrkiy\u0259, Az\u0259rbaycan, G\u00fcrc\u00fcstan, T\u00fcrkm\u0259nistan v\u0259 \u018ffqan\u0131stan aras\u0131nda imzalanan sazi\u015f t\u0259sdiql\u0259nib"},"content":{"rendered":"<p>\u201cHakimiyyet.com\u201d x\u0259b\u0259r verir ki, <\/p>\n<div>\n<p class=\"MsoNormal\"><span style=\"font-family: Tahoma;\">T\u00fcrkiy\u0259, Az\u0259rbaycan, G\u00fcrc\u00fcstan, T\u00fcrkm\u0259nistan, \u018ffqan\u0131stan v\u0259 Macar\u0131stan il\u0259 imzalanan beyn\u0259lxalq m\u00fcqavil\u0259l\u0259r t\u0259sdiql\u0259nib.<\/span><\/p>\n<p class=\"MsoNormal\"><span lang=\"AZ-LATIN\" style=\"font-family: Tahoma; mso-ansi-language: AZ-LATIN;\"><a href=\"https:\/\/apa.az\" target=\"_blank\" style=\"display: inline !important;\" rel=\"noopener noreferrer\">APA<\/a>-n\u0131n yerli b\u00fcrosunun m\u0259lumat\u0131na g\u00f6r\u0259, bu bar\u0259d\u0259 T\u00fcrkiy\u0259 r\u0259smi q\u0259zetl\u0259ri m\u0259lumat yay\u0131b.<\/span><\/p>\n<p class=\"MsoNormal\"><span lang=\"AZ-LATIN\" style=\"font-family: Tahoma; mso-ansi-language: AZ-LATIN;\">M\u0259lumatda bildirilib ki, 15 noyabr 2017-ci il tarixind\u0259 A\u015fqabadda imzalanan &#8220;Tranzit v\u0259 N\u0259qliyyat \u018fm\u0259kda\u015fl\u0131q Sazi\u015fi&#8221;nin (Lapis Lazuli Mar\u015frutu Sazi\u015fi) t\u0259sdiq edilm\u0259si q\u0259rara al\u0131n\u0131b. <\/span><\/p>\n<p class=\"MsoNormal\"><span lang=\"AZ-LATIN\" style=\"font-family: Tahoma; mso-ansi-language: AZ-LATIN;\">Sazi\u015fd\u0259 \u018ffqan\u0131stan, Az\u0259rbaycan, G\u00fcrc\u00fcstan v\u0259 T\u00fcrkm\u0259nistan aras\u0131nda s\u0259rni\u015finl\u0259rin v\u0259 da\u015f\u0131nmalar\u0131n asanl\u0131qla t\u0259\u015fkili, t\u0259hl\u00fck\u0259sizliyinin t\u0259min edilm\u0259si v\u0259 tranzit da\u015f\u0131nmas\u0131 \u00fc\u00e7\u00fcn laz\u0131mi d\u0259st\u0259k verilm\u0259si n\u0259z\u0259rd\u0259 tutulur. <\/span><\/p>\n<p class=\"MsoNormal\"><span lang=\"AZ-LATIN\" style=\"font-family: Tahoma; mso-ansi-language: AZ-LATIN;\">Qeyd ed\u0259k ki, r\u0259smi q\u0259zetd\u0259 7 noyabr 2019-cu ild\u0259 Budape\u015ftd\u0259 imzalanan &#8220;T\u00fcrkiy\u0259 H\u00f6kum\u0259ti il\u0259 Macar\u0131stan H\u00f6kum\u0259ti aras\u0131nda M\u0259d\u0259ni \u018fm\u0259kda\u015fl\u0131q Sazi\u015fi&#8221;nin t\u0259sdiql\u0259nm\u0259si il\u0259 \u0259laq\u0259dar q\u0259rar da n\u0259\u015fr olunub. <\/span><\/p>\n<p class=\"MsoNormal\"><span lang=\"AZ-LATIN\" style=\"font-family: Tahoma; mso-ansi-language: AZ-LATIN;\">Bu sazi\u015f is\u0259 iki d\u00f6vl\u0259t aras\u0131nda m\u00f6vcud m\u0259d\u0259ni \u0259laq\u0259l\u0259ri g\u00fccl\u0259ndirm\u0259k v\u0259 h\u0259mr\u0259ylik, h\u00f6rm\u0259t \u0259sas\u0131nda birg\u0259 \u0259m\u0259kda\u015fl\u0131\u011f\u0131 daha da inki\u015faf etdirm\u0259k m\u0259qs\u0259di da\u015f\u0131y\u0131r.<\/span><\/p>\n<p class=\"MsoNormal\"><span lang=\"AZ-LATIN\" style=\"font-family: Tahoma; mso-ansi-language: AZ-LATIN;\">Sazi\u015f h\u0259m\u00e7inin iki \u00f6lk\u0259 aras\u0131nda m\u0259d\u0259ni irsin qorunmas\u0131, b\u0259rpas\u0131 v\u0259 elmi t\u0259dqiqat\u0131, mikro \u0259lyazmalar\u0131n haz\u0131rlanmas\u0131 v\u0259 kolleksiyalar\u0131 z\u0259nginl\u0259\u015fdirm\u0259k \u00fc\u00e7\u00fcn dig\u0259r kitabxana materiallar\u0131n\u0131n r\u0259q\u0259msal n\u00fcsx\u0259l\u0259rinin m\u00fcbadil\u0259si il\u0259 ba\u011fl\u0131 birg\u0259 layih\u0259l\u0259ri d\u0259 \u0259hat\u0259 edir.<\/span><\/p>\n<\/p><\/div>\n","protected":false},"excerpt":{"rendered":"<p>\u201cHakimiyyet.com\u201d x\u0259b\u0259r verir ki, T\u00fcrkiy\u0259, Az\u0259rbaycan, G\u00fcrc\u00fcstan, T\u00fcrkm\u0259nistan, \u018ffqan\u0131stan v\u0259 Macar\u0131stan il\u0259 imzalanan beyn\u0259lxalq m\u00fcqavil\u0259l\u0259r t\u0259sdiql\u0259nib. APA-n\u0131n yerli b\u00fcrosunun m\u0259lumat\u0131na&hellip;<\/p>\n","protected":false},"author":1,"featured_media":57715,"comment_status":"closed","ping_status":"closed","sticky":false,"template":"","format":"standard","meta":{"om_disable_all_campaigns":false,"_monsterinsights_skip_tracking":false,"_uf_show_specific_survey":0,"_uf_disable_surveys":false,"footnotes":""},"categories":[23,5],"tags":[],"aioseo_notices":[],"_links":{"self":[{"href":"https:\/\/hakimiyyet.info.az\/index.php?rest_route=\/wp\/v2\/posts\/57714"}],"collection":[{"href":"https:\/\/hakimiyyet.info.az\/index.php?rest_route=\/wp\/v2\/posts"}],"about":[{"href":"https:\/\/hakimiyyet.info.az\/index.php?rest_route=\/wp\/v2\/types\/post"}],"author":[{"embeddable":true,"href":"https:\/\/hakimiyyet.info.az\/index.php?rest_route=\/wp\/v2\/users\/1"}],"replies":[{"embeddable":true,"href":"https:\/\/hakimiyyet.info.az\/index.php?rest_route=%2Fwp%2Fv2%2Fcomments&post=57714"}],"version-history":[{"count":0,"href":"https:\/\/hakimiyyet.info.az\/index.php?rest_route=\/wp\/v2\/posts\/57714\/revisions"}],"wp:featuredmedia":[{"embeddable":true,"href":"https:\/\/hakimiyyet.info.az\/index.php?rest_route=\/wp\/v2\/media\/57715"}],"wp:attachment":[{"href":"https:\/\/hakimiyyet.info.az\/index.php?rest_route=%2Fwp%2Fv2%2Fmedia&parent=57714"}],"wp:term":[{"taxonomy":"category","embeddable":true,"href":"https:\/\/hakimiyyet.info.az\/index.php?rest_route=%2Fwp%2Fv2%2Fcategories&post=57714"},{"taxonomy":"post_tag","embeddable":true,"href":"https:\/\/hakimiyyet.info.az\/index.php?rest_route=%2Fwp%2Fv2%2Ftags&post=57714"}],"curies":[{"name":"wp","href":"https:\/\/api.w.org\/{rel}","templated":true}]}}