{"id":57718,"date":"2020-05-28T16:50:28","date_gmt":"2020-05-28T12:50:28","guid":{"rendered":"http:\/\/hakimiyyet.info.az\/2019\/57718"},"modified":"2020-05-28T16:50:28","modified_gmt":"2020-05-28T12:50:28","slug":"%c9%99lc%c9%99zair-lideri-prezident-ilham-%c9%99liyevi-t%c9%99brik-edib","status":"publish","type":"post","link":"https:\/\/hakimiyyet.info.az\/?p=57718","title":{"rendered":"\u018flc\u0259zair lideri Prezident \u0130lham \u018fliyevi t\u0259brik edib"},"content":{"rendered":"<p>\u201cHakimiyyet.com\u201d x\u0259b\u0259r verir ki, <\/p>\n<div>\n<p class=\"MsoNormal\"><span style=\"font-family: Tahoma;\">\u018flc\u0259zair Xalq Demokratik Respublikas\u0131n\u0131n Prezidenti Abdelmacid Tebbun Az\u0259rbaycan Respublikas\u0131n\u0131n Prezidenti \u0130lham \u018fliyev\u0259 t\u0259brik m\u0259ktubu g\u00f6nd\u0259rib.<\/span><\/p>\n<p class=\"MsoNormal\"><span lang=\"AZ-LATIN\" style=\"font-family: Tahoma; mso-ansi-language: AZ-LATIN;\"><a href=\"https:\/\/apa.az\" target=\"_blank\" style=\"display: inline !important;\" rel=\"noopener noreferrer\">APA<\/a>-n\u0131n m\u0259lumat\u0131na g\u00f6r\u0259, m\u0259ktubda deyilir:<\/span><\/p>\n<p class=\"MsoNormal\"><span lang=\"AZ-LATIN\" style=\"font-family: Tahoma; mso-ansi-language: AZ-LATIN;\">\u201cH\u00f6rm\u0259tli Prezident, dost Az\u0259rbaycan\u0131n milli bayram\u0131 \u2013 Respublika G\u00fcn\u00fc m\u00fcnasib\u0259til\u0259 \u018flc\u0259zair xalq\u0131 ad\u0131ndan v\u0259 \u015f\u0259xs\u0259n \u00f6z ad\u0131mdan Zati-aliniz\u0259 v\u0259 xalq\u0131n\u0131za s\u0259mimi t\u0259brikl\u0259rimi, cansa\u011fl\u0131\u011f\u0131 v\u0259 firavanl\u0131q arzular\u0131m\u0131 \u00e7atd\u0131r\u0131ram. Bu \u0259lam\u0259tdar g\u00fcn\u00fcn yaratd\u0131\u011f\u0131 f\u00fcrs\u0259td\u0259n istifad\u0259 ed\u0259r\u0259k \u00f6lk\u0259l\u0259rimiz aras\u0131nda m\u00f6vcud olan dostluq v\u0259 \u0259m\u0259kda\u015fl\u0131q \u0259laq\u0259l\u0259rinin s\u0259viyy\u0259sind\u0259n m\u0259mnun qald\u0131\u011f\u0131m\u0131z\u0131, m\u00fcxt\u0259lif sah\u0259l\u0259rd\u0259 \u0259laq\u0259l\u0259rin g\u00fccl\u0259ndirilm\u0259sind\u0259 v\u0259 iki qarda\u015f xalq\u0131n maraqlar\u0131na xidm\u0259t ed\u0259n m\u00fcnasib\u0259tl\u0259rin \u0259n y\u00fcks\u0259k s\u0259viyy\u0259y\u0259 y\u00fcks\u0259ldilm\u0259sind\u0259 maraql\u0131 oldu\u011fumuzu qeyd etm\u0259k ist\u0259yir\u0259m.<\/span><\/p>\n<p class=\"MsoNormal\"><span lang=\"AZ-LATIN\" style=\"font-family: Tahoma; mso-ansi-language: AZ-LATIN;\">Ortaq maraqlar\u0131n oldu\u011fu beyn\u0259lxalq v\u0259 regional m\u0259s\u0259l\u0259l\u0259rin h\u0259llin\u0259, x\u00fcsusil\u0259 Qo\u015fulmama H\u0259r\u0259kat\u0131na s\u0259drliyiniz \u00e7\u0259r\u00e7iv\u0259sind\u0259 \u0259laq\u0259l\u0259rimizi davam etdirm\u0259y\u0259 haz\u0131r oldu\u011fumuzu bir daha bildirm\u0259k ist\u0259yir\u0259m. Bu, s\u00fclh\u00fcn, t\u0259hl\u00fck\u0259sizliyin, sa\u011flam ya\u015fay\u0131\u015f\u0131n t\u0259min olunmas\u0131na xidm\u0259t ed\u0259c\u0259k \u0259m\u0259kda\u015fl\u0131\u011f\u0131n g\u00fccl\u0259ndirilm\u0259si bax\u0131m\u0131ndan \u00f6n\u0259mlidir\u201d.<\/span><\/p>\n<\/p><\/div>\n","protected":false},"excerpt":{"rendered":"<p>\u201cHakimiyyet.com\u201d x\u0259b\u0259r verir ki, \u018flc\u0259zair Xalq Demokratik Respublikas\u0131n\u0131n Prezidenti Abdelmacid Tebbun Az\u0259rbaycan Respublikas\u0131n\u0131n Prezidenti \u0130lham \u018fliyev\u0259 t\u0259brik m\u0259ktubu g\u00f6nd\u0259rib. APA-n\u0131n&hellip;<\/p>\n","protected":false},"author":1,"featured_media":57719,"comment_status":"closed","ping_status":"closed","sticky":false,"template":"","format":"standard","meta":{"om_disable_all_campaigns":false,"_monsterinsights_skip_tracking":false,"_uf_show_specific_survey":0,"_uf_disable_surveys":false,"footnotes":""},"categories":[23,5],"tags":[],"aioseo_notices":[],"_links":{"self":[{"href":"https:\/\/hakimiyyet.info.az\/index.php?rest_route=\/wp\/v2\/posts\/57718"}],"collection":[{"href":"https:\/\/hakimiyyet.info.az\/index.php?rest_route=\/wp\/v2\/posts"}],"about":[{"href":"https:\/\/hakimiyyet.info.az\/index.php?rest_route=\/wp\/v2\/types\/post"}],"author":[{"embeddable":true,"href":"https:\/\/hakimiyyet.info.az\/index.php?rest_route=\/wp\/v2\/users\/1"}],"replies":[{"embeddable":true,"href":"https:\/\/hakimiyyet.info.az\/index.php?rest_route=%2Fwp%2Fv2%2Fcomments&post=57718"}],"version-history":[{"count":0,"href":"https:\/\/hakimiyyet.info.az\/index.php?rest_route=\/wp\/v2\/posts\/57718\/revisions"}],"wp:featuredmedia":[{"embeddable":true,"href":"https:\/\/hakimiyyet.info.az\/index.php?rest_route=\/wp\/v2\/media\/57719"}],"wp:attachment":[{"href":"https:\/\/hakimiyyet.info.az\/index.php?rest_route=%2Fwp%2Fv2%2Fmedia&parent=57718"}],"wp:term":[{"taxonomy":"category","embeddable":true,"href":"https:\/\/hakimiyyet.info.az\/index.php?rest_route=%2Fwp%2Fv2%2Fcategories&post=57718"},{"taxonomy":"post_tag","embeddable":true,"href":"https:\/\/hakimiyyet.info.az\/index.php?rest_route=%2Fwp%2Fv2%2Ftags&post=57718"}],"curies":[{"name":"wp","href":"https:\/\/api.w.org\/{rel}","templated":true}]}}