{"id":57723,"date":"2020-05-28T16:56:57","date_gmt":"2020-05-28T12:56:57","guid":{"rendered":"http:\/\/hakimiyyet.info.az\/2019\/57723"},"modified":"2020-05-28T16:56:57","modified_gmt":"2020-05-28T12:56:57","slug":"munaqis%c9%99nin-h%c9%99llind%c9%99-h%c9%99ms%c9%99dr-olk%c9%99l%c9%99rd%c9%99n-d%c9%99st%c9%99k-gozl%c9%99yirik","status":"publish","type":"post","link":"https:\/\/hakimiyyet.info.az\/?p=57723","title":{"rendered":"&#8220;M\u00fcnaqi\u015f\u0259nin h\u0259llind\u0259 h\u0259ms\u0259dr \u00f6lk\u0259l\u0259rd\u0259n d\u0259st\u0259k g\u00f6zl\u0259yirik&#8221;"},"content":{"rendered":"<p>\u201cHakimiyyet.com\u201d x\u0259b\u0259r verir ki, <\/p>\n<div>\n<p class=\"MsoNormal\"><span style=\"font-family: Tahoma;\">&#8220;Az\u0259rbaycan 30 ildir ki, qon\u015fu Erm\u0259nistanla m\u00fcharib\u0259 v\u0259ziyy\u0259tind\u0259dir. Erm\u0259nistan \u0259razil\u0259rimizin 20%-ni i\u015f\u011fal alt\u0131nda saxlay\u0131r&#8221;.<\/span><\/p>\n<p class=\"MsoNormal\"><span lang=\"AZ-LATIN\" style=\"mso-bidi-font-size: 13.5pt; font-family: Tahoma; color: black; mso-ansi-language: AZ-LATIN; mso-fareast-language: EN-US; mso-bidi-font-weight: bold;\"><a href=\"https:\/\/apa.az\" target=\"_blank\" style=\"display: inline !important;\" rel=\"noopener noreferrer\">APA<\/a>-n\u0131n Moskva m\u00fcxbirinin verdiyi m\u0259lumata g\u00f6r\u0259, bunu TASS agentliyind\u0259 Rusiya il\u0259 Az\u0259rbaycan aras\u0131nda m\u00fcnasib\u0259tl\u0259rin perspektivl\u0259rin\u0259 h\u0259sr olunmu\u015f &#8220;Rusiya v\u0259 Az\u0259rbaycan: strateji \u0259m\u0259kda\u015fl\u0131\u011f\u0131n \u00fcf\u00fcql\u0259ri&#8221; adl\u0131 onlayn m\u0259tbuat konfrans\u0131nda \u00e7\u0131x\u0131\u015f ed\u0259n Az\u0259rbaycan\u0131n Rusiyadak\u0131 f\u00f6vq\u0259lad\u0259 v\u0259 s\u0259lahiyy\u0259tli s\u0259firi Polad B\u00fclb\u00fclo\u011flu bildirib. <\/span><\/p>\n<p class=\"MsoNormal\"><span lang=\"AZ-LATIN\" style=\"mso-bidi-font-size: 13.5pt; font-family: Tahoma; color: black; mso-ansi-language: AZ-LATIN; mso-fareast-language: EN-US; mso-bidi-font-weight: bold;\">&#8220;Bu g\u00fcn Biz BMT r\u0259hb\u0259rliyinin d\u00fcnyada epidemioloji durumla \u0259laq\u0259dar olaraq ir\u0259li s\u00fcrd\u00fcy\u00fc s\u00fclh \u00e7a\u011f\u0131r\u0131\u015f\u0131 il\u0259 raz\u0131y\u0131q. Amma h\u0259r \u015feyd\u0259n \u00f6nc\u0259 BMT T\u0259hl\u00fck\u0259sizlik \u015euras\u0131n\u0131n d\u00f6rd q\u0259tnam\u0259si m\u00fctl\u0259q \u015f\u0259kild\u0259 icra olunmal\u0131d\u0131r. Lakin bu q\u0259tnam\u0259l\u0259r icra olunmur. Biz Qaraba\u011f m\u0259s\u0259l\u0259sinin s\u00fclh yolu il\u0259 h\u0259llin\u0259 sadiqik. Lakin s\u00fclh dan\u0131\u015f\u0131qlar\u0131 sonsuzad\u0259k davam ed\u0259 bilm\u0259z. Bunu bizim b\u00fct\u00fcn t\u0259r\u0259fda\u015flar\u0131m\u0131z, regionda olan qon\u015fular\u0131m\u0131z v\u0259 h\u0259r \u015feyd\u0259n \u00f6nc\u0259 Erm\u0259nistan\u0131n \u00f6z r\u0259hb\u0259rliyi n\u0259z\u0259r\u0259 almal\u0131d\u0131r&#8221;, &#8211; dey\u0259 diplomat vur\u011fulay\u0131b. <\/span><\/p>\n<p class=\"MsoNormal\"><span lang=\"AZ-LATIN\" style=\"mso-bidi-font-size: 13.5pt; font-family: Tahoma; color: black; mso-ansi-language: AZ-LATIN; mso-fareast-language: EN-US; mso-bidi-font-weight: bold;\">Polad B\u00fclb\u00fclo\u011flu \u00f6t\u0259n il Az\u0259rbaycan Prezidenti \u0130lham \u018fliyevin &#8220;Valday&#8221; klubunun plenar iclas\u0131ndak\u0131 \u00e7\u0131x\u0131\u015f\u0131n\u0131 xat\u0131rlad\u0131b: &#8220;Az\u0259rbaycan Prezidenti \u0130lham \u018fliyev \u0130ordaniya kral\u0131, Qazax\u0131stan v\u0259 Filippin prezidentl\u0259ri il\u0259 birlikd\u0259 Vladimir Putinin d\u0259v\u0259ti il\u0259 Valday beyn\u0259lxalq diskussiya klubunun plenar iclas\u0131nda i\u015ftirak etdi. Orada Prezident \u0130lham \u018fliyev bir daha d\u00fcnya ictimaiyy\u0259tin\u0259 Erm\u0259nistan-Az\u0259rbaycan\u0131n Da\u011fl\u0131q Qaraba\u011f m\u00fcnaqi\u015f\u0259sinin h\u0259lli m\u0259s\u0259l\u0259sind\u0259 m\u00f6vqeyini bir daha \u00e7atd\u0131rd\u0131, bu m\u00fcnaqi\u015f\u0259nin beyn\u0259lxalq h\u00fcquq \u00e7\u0259r\u00e7iv\u0259sind\u0259 yegan\u0259 h\u0259llini vur\u011fulad\u0131. Ona g\u00f6r\u0259 d\u0259, biz dig\u0259r t\u0259r\u0259fda\u015flar\u0131m\u0131zdan, d\u00fcnyan\u0131n dig\u0259r \u00f6lk\u0259l\u0259rind\u0259n v\u0259 \u0259lb\u0259tt\u0259 ki, AT\u018fT-in Minsk Qrupunun \u00fc\u00e7 h\u0259ms\u0259dr \u00f6lk\u0259sind\u0259n d\u0259st\u0259k g\u00f6zl\u0259yirik&#8221;.<\/span><\/p>\n<\/p><\/div>\n","protected":false},"excerpt":{"rendered":"<p>\u201cHakimiyyet.com\u201d x\u0259b\u0259r verir ki, &#8220;Az\u0259rbaycan 30 ildir ki, qon\u015fu Erm\u0259nistanla m\u00fcharib\u0259 v\u0259ziyy\u0259tind\u0259dir. Erm\u0259nistan \u0259razil\u0259rimizin 20%-ni i\u015f\u011fal alt\u0131nda saxlay\u0131r&#8221;. APA-n\u0131n Moskva&hellip;<\/p>\n","protected":false},"author":1,"featured_media":57724,"comment_status":"closed","ping_status":"closed","sticky":false,"template":"","format":"standard","meta":{"om_disable_all_campaigns":false,"_monsterinsights_skip_tracking":false,"_uf_show_specific_survey":0,"_uf_disable_surveys":false,"footnotes":""},"categories":[23,5],"tags":[],"aioseo_notices":[],"_links":{"self":[{"href":"https:\/\/hakimiyyet.info.az\/index.php?rest_route=\/wp\/v2\/posts\/57723"}],"collection":[{"href":"https:\/\/hakimiyyet.info.az\/index.php?rest_route=\/wp\/v2\/posts"}],"about":[{"href":"https:\/\/hakimiyyet.info.az\/index.php?rest_route=\/wp\/v2\/types\/post"}],"author":[{"embeddable":true,"href":"https:\/\/hakimiyyet.info.az\/index.php?rest_route=\/wp\/v2\/users\/1"}],"replies":[{"embeddable":true,"href":"https:\/\/hakimiyyet.info.az\/index.php?rest_route=%2Fwp%2Fv2%2Fcomments&post=57723"}],"version-history":[{"count":0,"href":"https:\/\/hakimiyyet.info.az\/index.php?rest_route=\/wp\/v2\/posts\/57723\/revisions"}],"wp:featuredmedia":[{"embeddable":true,"href":"https:\/\/hakimiyyet.info.az\/index.php?rest_route=\/wp\/v2\/media\/57724"}],"wp:attachment":[{"href":"https:\/\/hakimiyyet.info.az\/index.php?rest_route=%2Fwp%2Fv2%2Fmedia&parent=57723"}],"wp:term":[{"taxonomy":"category","embeddable":true,"href":"https:\/\/hakimiyyet.info.az\/index.php?rest_route=%2Fwp%2Fv2%2Fcategories&post=57723"},{"taxonomy":"post_tag","embeddable":true,"href":"https:\/\/hakimiyyet.info.az\/index.php?rest_route=%2Fwp%2Fv2%2Ftags&post=57723"}],"curies":[{"name":"wp","href":"https:\/\/api.w.org\/{rel}","templated":true}]}}