{"id":57802,"date":"2020-05-28T21:41:00","date_gmt":"2020-05-28T17:41:00","guid":{"rendered":"https:\/\/www.hakimiyyet.com\/?p=57802"},"modified":"2020-05-28T21:41:00","modified_gmt":"2020-05-28T17:41:00","slug":"laos-xalq-demokratik-respublikasinin-prezidenti-bounyanq-voracitd%c9%99n","status":"publish","type":"post","link":"https:\/\/hakimiyyet.info.az\/?p=57802","title":{"rendered":"Laos Xalq Demokratik Respublikas\u0131n\u0131n Prezidenti Bounyanq Vora\u00e7itd\u0259n"},"content":{"rendered":"<p><span class=\"news_date\">28 may 2020, 17:41<\/span><\/p>\n<div>\n<div class=\"news_paragraph-block\">\n<p><span style=\"background-color: transparent;\">Az\u0259rbaycan Respublikas\u0131n\u0131n Prezidenti Zati-alil\u0259ri c\u0259nab \u0130lham \u018fliyev\u0259<\/span><\/p>\n<p>Zati-alil\u0259ri.<\/p>\n<p>\u00d6lk\u0259nizin milli bayram\u0131 \u2013 Respublika G\u00fcn\u00fc m\u00fcnasib\u0259til\u0259 b\u00fct\u00fcn Laos xalq\u0131 ad\u0131ndan v\u0259 \u015f\u0259xs\u0259n \u00f6z ad\u0131mdan Siz\u0259 v\u0259 dost Az\u0259rbaycan xalq\u0131na \u0259n s\u0259mimi t\u0259brikl\u0259rimi \u00e7atd\u0131r\u0131ram.<\/p>\n<p>\u018fmin\u0259m ki, Laos Xalq Demokratik Respublikas\u0131 il\u0259 Az\u0259rbaycan Respublikas\u0131 aras\u0131nda m\u00f6vcud dostluq m\u00fcnasib\u0259tl\u0259ri v\u0259 s\u0259m\u0259r\u0259li \u0259m\u0259kda\u015fl\u0131q xalqlar\u0131m\u0131z\u0131n m\u0259nafeyi namin\u0259 bundan sonra da m\u00f6hk\u0259ml\u0259n\u0259c\u0259k v\u0259 geni\u015fl\u0259n\u0259c\u0259kdir.<\/p>\n<p>F\u00fcrs\u0259td\u0259n istifad\u0259 ed\u0259r\u0259k Siz\u0259 \u015f\u0259xsi rifah v\u0259 \u015f\u0259r\u0259fli f\u0259aliyy\u0259tinizd\u0259 u\u011furlar arzu edir\u0259m.<\/p>\n<p>Zati-alil\u0259ri, xahi\u015f edir\u0259m, \u0259n y\u00fcks\u0259k ehtiram\u0131m\u0131 q\u0259bul edin.<\/p>\n<p>H\u00f6rm\u0259tl\u0259,<\/p>\n<p>Bounyanq Vora\u00e7it<\/p>\n<p>Laos Xalq Demokratik Respublikas\u0131n\u0131n Prezidenti<\/p>\n<\/div>\n<\/div>\n","protected":false},"excerpt":{"rendered":"<p>28 may 2020, 17:41 Az\u0259rbaycan Respublikas\u0131n\u0131n Prezidenti Zati-alil\u0259ri c\u0259nab \u0130lham \u018fliyev\u0259 Zati-alil\u0259ri. \u00d6lk\u0259nizin milli bayram\u0131 \u2013 Respublika G\u00fcn\u00fc m\u00fcnasib\u0259til\u0259 b\u00fct\u00fcn&hellip;<\/p>\n","protected":false},"author":1,"featured_media":57803,"comment_status":"closed","ping_status":"closed","sticky":false,"template":"","format":"standard","meta":{"om_disable_all_campaigns":false,"_monsterinsights_skip_tracking":false,"_uf_show_specific_survey":0,"_uf_disable_surveys":false,"footnotes":""},"categories":[3,34],"tags":[],"aioseo_notices":[],"_links":{"self":[{"href":"https:\/\/hakimiyyet.info.az\/index.php?rest_route=\/wp\/v2\/posts\/57802"}],"collection":[{"href":"https:\/\/hakimiyyet.info.az\/index.php?rest_route=\/wp\/v2\/posts"}],"about":[{"href":"https:\/\/hakimiyyet.info.az\/index.php?rest_route=\/wp\/v2\/types\/post"}],"author":[{"embeddable":true,"href":"https:\/\/hakimiyyet.info.az\/index.php?rest_route=\/wp\/v2\/users\/1"}],"replies":[{"embeddable":true,"href":"https:\/\/hakimiyyet.info.az\/index.php?rest_route=%2Fwp%2Fv2%2Fcomments&post=57802"}],"version-history":[{"count":0,"href":"https:\/\/hakimiyyet.info.az\/index.php?rest_route=\/wp\/v2\/posts\/57802\/revisions"}],"wp:featuredmedia":[{"embeddable":true,"href":"https:\/\/hakimiyyet.info.az\/index.php?rest_route=\/wp\/v2\/media\/57803"}],"wp:attachment":[{"href":"https:\/\/hakimiyyet.info.az\/index.php?rest_route=%2Fwp%2Fv2%2Fmedia&parent=57802"}],"wp:term":[{"taxonomy":"category","embeddable":true,"href":"https:\/\/hakimiyyet.info.az\/index.php?rest_route=%2Fwp%2Fv2%2Fcategories&post=57802"},{"taxonomy":"post_tag","embeddable":true,"href":"https:\/\/hakimiyyet.info.az\/index.php?rest_route=%2Fwp%2Fv2%2Ftags&post=57802"}],"curies":[{"name":"wp","href":"https:\/\/api.w.org\/{rel}","templated":true}]}}