{"id":57833,"date":"2020-05-28T21:40:00","date_gmt":"2020-05-28T17:40:00","guid":{"rendered":"https:\/\/www.hakimiyyet.com\/?p=57833"},"modified":"2020-05-28T21:40:00","modified_gmt":"2020-05-28T17:40:00","slug":"vyetnam-sosialist-respublikasinin-prezidenti-nquyen-fu-conqdan","status":"publish","type":"post","link":"https:\/\/hakimiyyet.info.az\/?p=57833","title":{"rendered":"Vyetnam Sosialist Respublikas\u0131n\u0131n Prezidenti Nquyen Fu \u00c7onqdan"},"content":{"rendered":"<p><span class=\"news_date\">28 may 2020, 17:40<\/span><\/p>\n<div>\n<div class=\"news_paragraph-block\">\n<p><span style=\"background-color: transparent;\">Az\u0259rbaycan Respublikas\u0131n\u0131n Prezidenti Zati-alil\u0259ri c\u0259nab \u0130lham \u018fliyev\u0259<\/span><\/p>\n<p>H\u00f6rm\u0259tli c\u0259nab Prezident.<\/p>\n<p>Milli bayram\u0131n\u0131z &#8211; Respublika G\u00fcn\u00fc m\u00fcnasib\u0259til\u0259 Vyetnam h\u00f6kum\u0259ti v\u0259 xalq\u0131 ad\u0131ndan Siz\u0259 v\u0259 Az\u0259rbaycan xalq\u0131na \u0259n s\u0259mimi t\u0259brikl\u0259rimi \u00e7atd\u0131rmaq ist\u0259yir\u0259m.<\/p>\n<p>Vyetnam Az\u0259rbaycan\u0131n yax\u0131n dostu olaraq Sizin r\u0259hb\u0259rliyinizl\u0259 d\u00f6vl\u0259tin inki\u015faf\u0131, insanlar\u0131n h\u0259yat s\u0259viyy\u0259sinin yax\u015f\u0131la\u015fd\u0131r\u0131lmas\u0131, beyn\u0259lxalq inteqrasiya, habel\u0259 \u00f6lk\u0259nizin b\u00f6lg\u0259d\u0259ki v\u0259 d\u00fcnyadak\u0131 rolunun v\u0259 m\u00f6vqeyinin m\u00f6hk\u0259ml\u0259ndirilm\u0259sind\u0259 \u00f6lk\u0259nizin \u0259ld\u0259 etdiyi b\u00f6y\u00fck nailiyy\u0259tl\u0259ri daim izl\u0259yir v\u0259 bundan \u00e7ox m\u0259mnundur.<\/p>\n<p>B\u00f6lg\u0259l\u0259rimizd\u0259 v\u0259 beyn\u0259lxalq al\u0259md\u0259 m\u00f6vqel\u0259rimizin m\u00f6hk\u0259ml\u0259nm\u0259sin\u0259 \u0259h\u0259miyy\u0259tli t\u00f6hf\u0259 ver\u0259n \u00f6lk\u0259l\u0259rimizin \u0259n\u0259n\u0259vi dostluq m\u00fcnasib\u0259tl\u0259rinin \u0259hat\u0259 etdiyi b\u00fct\u00fcn sah\u0259l\u0259rd\u0259 m\u00fcsb\u0259t ir\u0259lil\u0259yi\u015fl\u0259ri g\u00f6rm\u0259kd\u0259n m\u0259mnunam.<\/p>\n<p>Tam \u0259min\u0259m ki, h\u0259r iki \u00f6lk\u0259nin d\u00f6vl\u0259t ba\u015f\u00e7\u0131lar\u0131n\u0131n ist\u0259yi v\u0259 q\u0259tiyy\u0259ti, habel\u0259 d\u00f6vl\u0259t qurumlar\u0131 v\u0259 yerli hakimiyy\u0259t orqanlar\u0131n\u0131n birg\u0259 s\u0259yl\u0259ri v\u0259 \u00f6lk\u0259l\u0259rimizin malik oldu\u011fu yax\u0131n \u0259laq\u0259l\u0259r \u0259sas\u0131nda Vyetnam il\u0259 Az\u0259rbaycan aras\u0131nda son bir ne\u00e7\u0259 onillik \u0259rzind\u0259 m\u00f6vcud olan s\u0259m\u0259r\u0259li m\u00fcnasib\u0259tl\u0259r bundan sonra da davam ed\u0259c\u0259k, xalqlar\u0131m\u0131z\u0131n rifah\u0131, h\u0259m\u00e7inin d\u00fcnyada s\u00fclh v\u0259 inki\u015faf namin\u0259 yeni nailiyy\u0259tl\u0259r \u0259ld\u0259 olunacaqd\u0131r.<\/p>\n<p>Az\u0259rbaycana inki\u015faf v\u0259 t\u0259r\u0259qqi, xalq\u0131n\u0131za is\u0259 firavanl\u0131q dil\u0259yir\u0259m.<\/p>\n<p>Siz\u0259 cansa\u011fl\u0131\u011f\u0131, xo\u015fb\u0259xtlik v\u0259 \u015f\u0259r\u0259fli f\u0259aliyy\u0259tinizd\u0259 u\u011furlar arzulay\u0131ram.<\/p>\n<p>D\u0259rin h\u00f6rm\u0259tl\u0259,<\/p>\n<p>Nquyen Fu \u00c7onq<\/p>\n<p>Vyetnam Sosialist Respublikas\u0131n\u0131n Prezidenti<\/p>\n<\/div>\n<\/div>\n","protected":false},"excerpt":{"rendered":"<p>28 may 2020, 17:40 Az\u0259rbaycan Respublikas\u0131n\u0131n Prezidenti Zati-alil\u0259ri c\u0259nab \u0130lham \u018fliyev\u0259 H\u00f6rm\u0259tli c\u0259nab Prezident. Milli bayram\u0131n\u0131z &#8211; Respublika G\u00fcn\u00fc m\u00fcnasib\u0259til\u0259&hellip;<\/p>\n","protected":false},"author":1,"featured_media":57834,"comment_status":"closed","ping_status":"closed","sticky":false,"template":"","format":"standard","meta":{"om_disable_all_campaigns":false,"_monsterinsights_skip_tracking":false,"_uf_show_specific_survey":0,"_uf_disable_surveys":false,"footnotes":""},"categories":[3,34],"tags":[],"aioseo_notices":[],"_links":{"self":[{"href":"https:\/\/hakimiyyet.info.az\/index.php?rest_route=\/wp\/v2\/posts\/57833"}],"collection":[{"href":"https:\/\/hakimiyyet.info.az\/index.php?rest_route=\/wp\/v2\/posts"}],"about":[{"href":"https:\/\/hakimiyyet.info.az\/index.php?rest_route=\/wp\/v2\/types\/post"}],"author":[{"embeddable":true,"href":"https:\/\/hakimiyyet.info.az\/index.php?rest_route=\/wp\/v2\/users\/1"}],"replies":[{"embeddable":true,"href":"https:\/\/hakimiyyet.info.az\/index.php?rest_route=%2Fwp%2Fv2%2Fcomments&post=57833"}],"version-history":[{"count":0,"href":"https:\/\/hakimiyyet.info.az\/index.php?rest_route=\/wp\/v2\/posts\/57833\/revisions"}],"wp:featuredmedia":[{"embeddable":true,"href":"https:\/\/hakimiyyet.info.az\/index.php?rest_route=\/wp\/v2\/media\/57834"}],"wp:attachment":[{"href":"https:\/\/hakimiyyet.info.az\/index.php?rest_route=%2Fwp%2Fv2%2Fmedia&parent=57833"}],"wp:term":[{"taxonomy":"category","embeddable":true,"href":"https:\/\/hakimiyyet.info.az\/index.php?rest_route=%2Fwp%2Fv2%2Fcategories&post=57833"},{"taxonomy":"post_tag","embeddable":true,"href":"https:\/\/hakimiyyet.info.az\/index.php?rest_route=%2Fwp%2Fv2%2Ftags&post=57833"}],"curies":[{"name":"wp","href":"https:\/\/api.w.org\/{rel}","templated":true}]}}