{"id":57888,"date":"2020-05-28T17:00:00","date_gmt":"2020-05-28T13:00:00","guid":{"rendered":"http:\/\/hakimiyyet.info.az\/2019\/57888"},"modified":"2020-05-28T17:00:00","modified_gmt":"2020-05-28T13:00:00","slug":"m%c9%99rakesin-krali-vi-m%c9%99h%c9%99mm%c9%99dd%c9%99n","status":"publish","type":"post","link":"https:\/\/hakimiyyet.info.az\/?p=57888","title":{"rendered":"M\u0259rake\u015fin Kral\u0131 VI M\u0259h\u0259mm\u0259dd\u0259n"},"content":{"rendered":"<div>\n<div class=\"news_paragraph-block\">\n<p><span style=\"-webkit-tap-highlight-color: transparent; -webkit-text-size-adjust: 100%; background-color: transparent;\">Az\u0259rbaycan Respublikas\u0131n\u0131n Prezidenti Zati-alil\u0259ri c\u0259nab \u0130lham \u018fliyev\u0259<\/span><\/p>\n<p>Zati-alil\u0259ri, \u0259ziz qarda\u015f\u0131m.<\/p>\n<p>Az\u0259rbaycan\u0131n milli bayram\u0131 \u2013 Respublika G\u00fcn\u00fc m\u00fcnasib\u0259til\u0259 Siz\u0259 \u0259n s\u0259mimi t\u0259brikl\u0259rimi \u00e7atd\u0131rmaqdan b\u00f6y\u00fck m\u0259mnunluq duyuram. Siz\u0259 m\u00f6hk\u0259m cansa\u011fl\u0131\u011f\u0131 v\u0259 xo\u015fb\u0259xtlik, xalq\u0131n\u0131za is\u0259 t\u0259r\u0259qqi v\u0259 firavanl\u0131q arzulay\u0131ram.<\/p>\n<p>Xalqlar\u0131m\u0131z aras\u0131ndak\u0131 qarda\u015fl\u0131q \u0259laq\u0259l\u0259rini v\u0259 qar\u015f\u0131l\u0131ql\u0131 h\u00f6rm\u0259ti n\u0259z\u0259r\u0259 alaraq faydal\u0131 \u0259m\u0259kda\u015fl\u0131\u011f\u0131m\u0131z\u0131 g\u00fccl\u0259ndirm\u0259k v\u0259 geni\u015fl\u0259ndirm\u0259k istiqam\u0259tind\u0259 Sizinl\u0259 birg\u0259 i\u015fl\u0259m\u0259y\u0259 davam ed\u0259c\u0259yimiz\u0259 \u00fcmid b\u0259sl\u0259yir\u0259m. Bu, xalqlar\u0131m\u0131z\u0131n maraqlar\u0131na xidm\u0259t etm\u0259kd\u0259, m\u00fcs\u0259lman \u00fcmm\u0259ti aras\u0131nda h\u0259mr\u0259yliyi v\u0259 birliyi t\u0259r\u0259nn\u00fcm etm\u0259kd\u0259 biz\u0259 k\u00f6m\u0259k olacaq.<\/p>\n<p>H\u00f6rm\u0259tl\u0259,<\/p>\n<p>VI M\u0259h\u0259mm\u0259d<\/p>\n<p>M\u0259rake\u015fin Kral\u0131<\/p>\n<\/div>\n<\/div>\n","protected":false},"excerpt":{"rendered":"<p>Az\u0259rbaycan Respublikas\u0131n\u0131n Prezidenti Zati-alil\u0259ri c\u0259nab \u0130lham \u018fliyev\u0259 Zati-alil\u0259ri, \u0259ziz qarda\u015f\u0131m. Az\u0259rbaycan\u0131n milli bayram\u0131 \u2013 Respublika G\u00fcn\u00fc m\u00fcnasib\u0259til\u0259 Siz\u0259 \u0259n s\u0259mimi&hellip;<\/p>\n","protected":false},"author":1,"featured_media":57889,"comment_status":"closed","ping_status":"closed","sticky":false,"template":"","format":"standard","meta":{"om_disable_all_campaigns":false,"_monsterinsights_skip_tracking":false,"_uf_show_specific_survey":0,"_uf_disable_surveys":false,"footnotes":""},"categories":[3,34],"tags":[],"aioseo_notices":[],"_links":{"self":[{"href":"https:\/\/hakimiyyet.info.az\/index.php?rest_route=\/wp\/v2\/posts\/57888"}],"collection":[{"href":"https:\/\/hakimiyyet.info.az\/index.php?rest_route=\/wp\/v2\/posts"}],"about":[{"href":"https:\/\/hakimiyyet.info.az\/index.php?rest_route=\/wp\/v2\/types\/post"}],"author":[{"embeddable":true,"href":"https:\/\/hakimiyyet.info.az\/index.php?rest_route=\/wp\/v2\/users\/1"}],"replies":[{"embeddable":true,"href":"https:\/\/hakimiyyet.info.az\/index.php?rest_route=%2Fwp%2Fv2%2Fcomments&post=57888"}],"version-history":[{"count":0,"href":"https:\/\/hakimiyyet.info.az\/index.php?rest_route=\/wp\/v2\/posts\/57888\/revisions"}],"wp:featuredmedia":[{"embeddable":true,"href":"https:\/\/hakimiyyet.info.az\/index.php?rest_route=\/wp\/v2\/media\/57889"}],"wp:attachment":[{"href":"https:\/\/hakimiyyet.info.az\/index.php?rest_route=%2Fwp%2Fv2%2Fmedia&parent=57888"}],"wp:term":[{"taxonomy":"category","embeddable":true,"href":"https:\/\/hakimiyyet.info.az\/index.php?rest_route=%2Fwp%2Fv2%2Fcategories&post=57888"},{"taxonomy":"post_tag","embeddable":true,"href":"https:\/\/hakimiyyet.info.az\/index.php?rest_route=%2Fwp%2Fv2%2Ftags&post=57888"}],"curies":[{"name":"wp","href":"https:\/\/api.w.org\/{rel}","templated":true}]}}