{"id":57979,"date":"2020-05-28T16:00:00","date_gmt":"2020-05-28T12:00:00","guid":{"rendered":"https:\/\/www.hakimiyyet.com\/2019\/57979"},"modified":"2020-05-28T16:00:00","modified_gmt":"2020-05-28T12:00:00","slug":"az%c9%99rbaycan-prezidentinin-r%c9%99smi-internet-s%c9%99hif%c9%99si-36","status":"publish","type":"post","link":"https:\/\/hakimiyyet.info.az\/?p=57979","title":{"rendered":"Az\u0259rbaycan Prezidentinin R\u0259smi internet s\u0259hif\u0259si"},"content":{"rendered":"<div>\n<p><span style=\"background-color: transparent;\">M\u00f6ht\u0259r\u0259m Prezident, c\u0259nab Ali Ba\u015f Komandan.<\/span><\/p>\n<p>M\u0259n d\u00fcnyan\u0131n \u00e7\u0259tin v\u0259ziyy\u0259tind\u0259 Siz\u0259 bu m\u0259ktubu yazma\u011f\u0131 \u00f6z\u00fcm\u0259 borc bildim. \u018fvv\u0259lc\u0259 Siz\u0259 minn\u0259tdarl\u0131\u011f\u0131m\u0131 bildirm\u0259k ist\u0259yir\u0259m. Sizin kimi Prezidentimiz oldu\u011fu \u00fc\u00e7\u00fcn \u00e7ox \u015fansl\u0131 mill\u0259tik. Siz d\u00fcnyan\u0131 t\u0259hl\u00fck\u0259y\u0259 salan COVID-19 infeksiyas\u0131n\u0131n \u00f6lk\u0259miz\u0259 yay\u0131lmas\u0131n\u0131n qar\u015f\u0131s\u0131n\u0131 alan q\u0259hr\u0259mans\u0131n\u0131z. Sizin humanizm prinsipl\u0259rin\u0259 \u0259saslanan sosial-iqtisadi siyas\u0259tiniz say\u0259sind\u0259 v\u0259t\u0259nda\u015flar\u0131m\u0131z\u0131n sa\u011flaml\u0131\u011f\u0131n\u0131n v\u0259 sosial rifah\u0131n\u0131n pandemiya d\u00f6vr\u00fcnd\u0259 d\u0259 qorunmas\u0131 y\u00fcks\u0259k s\u0259viyy\u0259d\u0259 t\u0259min edilm\u0259kd\u0259dir. Azt\u0259minatl\u0131 ail\u0259l\u0259rin m\u00fcavin\u0259tl\u0259rinin art\u0131r\u0131lmas\u0131, i\u015fsizl\u0259r \u00fc\u00e7\u00fcn \u0259lav\u0259 m\u00fcavin\u0259tl\u0259rin t\u0259yin edilm\u0259si, bu \u00e7\u0259tin d\u00f6vrd\u0259 \u00f6lk\u0259 iqtisadiyyat\u0131n\u0131n inki\u015faf\u0131n\u0131n qorunub saxlanmas\u0131 istiqam\u0259tind\u0259 q\u0259bul etdiyiniz q\u0259rarlar, xaricd\u0259 olan soyda\u015flar\u0131m\u0131z\u0131n V\u0259t\u0259nimiz\u0259 g\u0259tirilm\u0259sinin y\u00fcks\u0259k s\u0259viyy\u0259d\u0259 t\u0259\u015fkili xalq\u0131m\u0131z t\u0259r\u0259find\u0259n r\u0259\u011fb\u0259tl\u0259 qar\u015f\u0131lan\u0131r. <\/p>\n<p>M\u00f6ht\u0259r\u0259m c\u0259nab Prezident, bu \u00e7\u0259tin g\u00fcnl\u0259rd\u0259 xalqa d\u0259st\u0259k oldu\u011funuza, xalq\u0131m\u0131z\u0131n firavanl\u0131\u011f\u0131 yolunda yorulmadan \u00e7al\u0131\u015fd\u0131\u011f\u0131n\u0131za g\u00f6r\u0259 Siz\u0259 v\u0259 \u0259n yax\u0131n silahda\u015f\u0131n\u0131z Birinci vitse-prezident Mehriban xan\u0131m \u018fliyevaya \u00f6z ad\u0131mdan v\u0259 ail\u0259min ad\u0131ndan t\u0259\u015f\u0259kk\u00fcr edir\u0259m. <\/p>\n<p>H\u00f6rm\u0259tl\u0259,<\/p>\n<p>Cahangirov Ceyhun Vaqif o\u011flu <\/p>\n<p>Goranboy rayon Qu\u015f\u00e7ular k\u0259nd H.C\u0259f\u0259rov ad\u0131na tam orta m\u0259kt\u0259bin direktoru <\/p>\n<p>Az\u0259rbaycan Respublikas\u0131, Goranboy rayonu.<\/p>\n<\/div>\n","protected":false},"excerpt":{"rendered":"<p>M\u00f6ht\u0259r\u0259m Prezident, c\u0259nab Ali Ba\u015f Komandan. M\u0259n d\u00fcnyan\u0131n \u00e7\u0259tin v\u0259ziyy\u0259tind\u0259 Siz\u0259 bu m\u0259ktubu yazma\u011f\u0131 \u00f6z\u00fcm\u0259 borc bildim. \u018fvv\u0259lc\u0259 Siz\u0259 minn\u0259tdarl\u0131\u011f\u0131m\u0131&hellip;<\/p>\n","protected":false},"author":1,"featured_media":57980,"comment_status":"closed","ping_status":"closed","sticky":false,"template":"","format":"standard","meta":{"om_disable_all_campaigns":false,"_monsterinsights_skip_tracking":false,"_uf_show_specific_survey":0,"_uf_disable_surveys":false,"footnotes":""},"categories":[3,34],"tags":[],"aioseo_notices":[],"_links":{"self":[{"href":"https:\/\/hakimiyyet.info.az\/index.php?rest_route=\/wp\/v2\/posts\/57979"}],"collection":[{"href":"https:\/\/hakimiyyet.info.az\/index.php?rest_route=\/wp\/v2\/posts"}],"about":[{"href":"https:\/\/hakimiyyet.info.az\/index.php?rest_route=\/wp\/v2\/types\/post"}],"author":[{"embeddable":true,"href":"https:\/\/hakimiyyet.info.az\/index.php?rest_route=\/wp\/v2\/users\/1"}],"replies":[{"embeddable":true,"href":"https:\/\/hakimiyyet.info.az\/index.php?rest_route=%2Fwp%2Fv2%2Fcomments&post=57979"}],"version-history":[{"count":0,"href":"https:\/\/hakimiyyet.info.az\/index.php?rest_route=\/wp\/v2\/posts\/57979\/revisions"}],"wp:featuredmedia":[{"embeddable":true,"href":"https:\/\/hakimiyyet.info.az\/index.php?rest_route=\/wp\/v2\/media\/57980"}],"wp:attachment":[{"href":"https:\/\/hakimiyyet.info.az\/index.php?rest_route=%2Fwp%2Fv2%2Fmedia&parent=57979"}],"wp:term":[{"taxonomy":"category","embeddable":true,"href":"https:\/\/hakimiyyet.info.az\/index.php?rest_route=%2Fwp%2Fv2%2Fcategories&post=57979"},{"taxonomy":"post_tag","embeddable":true,"href":"https:\/\/hakimiyyet.info.az\/index.php?rest_route=%2Fwp%2Fv2%2Ftags&post=57979"}],"curies":[{"name":"wp","href":"https:\/\/api.w.org\/{rel}","templated":true}]}}