{"id":58220,"date":"2020-05-29T15:29:49","date_gmt":"2020-05-29T11:29:49","guid":{"rendered":"https:\/\/www.hakimiyyet.com\/2019\/58220"},"modified":"2020-05-29T15:29:49","modified_gmt":"2020-05-29T11:29:49","slug":"qobu-park-3un-respublika-gunund%c9%99-acilmasi-prezidentin-milli-dovl%c9%99tciliy%c9%99-verdiyi-xususi-diqq%c9%99tin-simvolu-kimi-qiym%c9%99tl%c9%99ndirilm%c9%99lidir","status":"publish","type":"post","link":"https:\/\/hakimiyyet.info.az\/?p=58220","title":{"rendered":"\u201cQobu Park-3\u201d\u00fcn Respublika G\u00fcn\u00fcnd\u0259 a\u00e7\u0131lmas\u0131 Prezidentin milli d\u00f6vl\u0259t\u00e7iliy\u0259 verdiyi x\u00fcsusi diqq\u0259tin simvolu kimi qiym\u0259tl\u0259ndirilm\u0259lidir"},"content":{"rendered":"<p>\u201cHakimiyyet.com\u201d x\u0259b\u0259r verir ki, <\/p>\n<div>\n<p class=\"MsoNormal\"><span lang=\"AZ-LATIN\" style=\"font-family: Tahoma; mso-ansi-language: AZ-LATIN;\">May\u0131n 28-d\u0259 Bak\u0131n\u0131n Qarada\u011f rayonunda m\u0259cburi k\u00f6\u00e7k\u00fcnl\u0259r \u00fc\u00e7\u00fcn sal\u0131nm\u0131\u015f \u201cQobu Park-3\u201d ya\u015fay\u0131\u015f kompleksinin a\u00e7\u0131l\u0131\u015f\u0131 olub.<\/span><\/p>\n<p class=\"MsoNormal\"><span style=\"font-family: Tahoma;\">Az\u0259rbaycan Respublikas\u0131n\u0131n Prezidenti \u0130lham \u018fliyev v\u0259 birinci xan\u0131m Mehriban \u018fliyeva a\u00e7\u0131l\u0131\u015fda i\u015ftirak edibl\u0259r. A\u00e7\u0131l\u0131\u015f\u0131n m\u0259hz 28 may -Respublika G\u00fcn\u00fcnd\u0259 ba\u015f tutmas\u0131 t\u0259sad\u00fcfi deyil. Bunu Prezidentin milli d\u00f6vl\u0259t\u00e7iliy\u0259 verdiyi x\u00fcsusi diqq\u0259tin simvolu kimi qiym\u0259tl\u0259ndirm\u0259k laz\u0131md\u0131r. \u00c7\u00fcnki 102 il \u0259vv\u0259l m\u00fcst\u0259qillik \u0259ld\u0259 ed\u0259n v\u0259 c\u0259mi 23 ay \u0259rzind\u0259 m\u00f6vcud olan<\/span> <span style=\"font-family: Tahoma;\">Az\u0259rbaycan bu g\u00fcn q\u0259tiyy\u0259tli add\u0131mlarla regionun siyasi x\u0259rit\u0259sind\u0259 yer tutmaqdad\u0131r.<\/span><\/p>\n<p class=\"MsoNormal\"><span lang=\"AZ-LATIN\" style=\"font-family: Tahoma; mso-ansi-language: AZ-LATIN;\">Qeyd etm\u0259k yerin\u0259 d\u00fc\u015f\u0259r ki, 2018-ci ild\u0259 bu \u0259razid\u0259 \u201cQobu Park-1\u201d, \u00f6t\u0259n il is\u0259 \u201cQobu Park-2\u201d ya\u015fay\u0131\u015f kompleksl\u0259ri istifad\u0259y\u0259 verilib. Birinci ya\u015fay\u0131\u015f kompleksind\u0259 1026 ail\u0259lik doqquzm\u0259rt\u0259b\u0259li 11 ya\u015fay\u0131\u015f binas\u0131, ikinci ya\u015fay\u0131\u015f kompleksind\u0259 is\u0259 1300 ail\u0259lik onm\u0259rt\u0259b\u0259li 13 bina in\u015fa olunub. Bu kompleksl\u0259rin \u0259razisind\u0259 m\u0259kt\u0259bl\u0259r, u\u015faq ba\u011f\u00e7alar\u0131, poliklinika, tibb, po\u00e7t m\u0259nt\u0259q\u0259l\u0259ri, idman zallar\u0131, dig\u0259r z\u0259ruri sosial infrastruktur obyektl\u0259ri yarad\u0131l\u0131b. \u201cQobu Park-3\u201d ya\u015fay\u0131\u015f kompleksind\u0259 onm\u0259rt\u0259b\u0259li 13 ya\u015fay\u0131\u015f binas\u0131 in\u015fa olunub.<\/span><\/p>\n<p class=\"MsoNormal\"><span lang=\"AZ-LATIN\" style=\"font-family: Tahoma; mso-ansi-language: AZ-LATIN;\">Kompleksin \u0259razisind\u0259 280 yerlik u\u015faq ba\u011f\u00e7as\u0131 da tikilib. G\u0259l\u0259c\u0259k n\u0259sill\u0259rin sa\u011flam b\u00f6y\u00fcm\u0259si, onlar\u0131n maddi v\u0259 m\u0259n\u0259vi ehtiyaclar\u0131n\u0131n qar\u015f\u0131lanmas\u0131 istiqam\u0259tind\u0259 son ill\u0259r Heyd\u0259r \u018fliyev Fondu t\u0259r\u0259find\u0259n olduqca vacib layih\u0259l\u0259r icra olunmaqdad\u0131r. Fondun davaml\u0131 olaraq apard\u0131\u011f\u0131 sosial v\u0259 humanitar istiqam\u0259tli t\u0259dbirl\u0259r say\u0259sind\u0259 ehtiyac\u0131 olan m\u00fcxt\u0259lif kateqoriyalardan olan insanlar\u0131n h\u0259yat \u015f\u0259raitl\u0259ri yax\u015f\u0131la\u015f\u0131b, u\u015faqlar\u0131n, \u0259lill\u0259rin, ehtiyac\u0131 olan sosial qruplar\u0131n<span style=\"mso-spacerun: yes;\">\u00a0 <\/span>sosial m\u00fcdafi\u0259l\u0259rinin<span style=\"mso-spacerun: yes;\">\u00a0 <\/span>daha da m\u00f6hk\u0259ml\u0259ndirilm\u0259si kompleks hal al\u0131b.<\/span><\/p>\n<p class=\"MsoNormal\"><span lang=\"AZ-LATIN\" style=\"font-family: Tahoma; mso-ansi-language: AZ-LATIN;\">\u015e\u0259h\u0259rcikd\u0259 h\u0259m d\u0259 960 yerlik m\u0259kt\u0259b binas\u0131 z\u0259ruri t\u0259dris avadanl\u0131\u011f\u0131 il\u0259 t\u0259chiz edilib, \u015fagirdl\u0259rin y\u00fcks\u0259k s\u0259viyy\u0259d\u0259 t\u0259hsil almas\u0131 \u00fc\u00e7\u00fcn h\u0259rt\u0259r\u0259fli imkan yarad\u0131l\u0131b. Bu, h\u0259m d\u0259 m\u0259cburi k\u00f6\u00e7k\u00fcnl\u0259rin m\u0259\u015f\u011fullu\u011funun art\u0131r\u0131lmas\u0131na t\u00f6hf\u0259 dem\u0259kdir. Yeri g\u0259lmi\u015fk\u0259n, ke\u00e7\u0259n il k\u00f6\u00e7k\u00fcnl\u0259r\u0259 veril\u0259n m\u00fcavin\u0259tin h\u0259cmi 50 faiz art\u0131b. H\u0259r bir m\u0259cburi k\u00f6\u00e7k\u00fcn uzun ill\u0259r \u0259rzind\u0259 d\u00f6vl\u0259t t\u0259r\u0259find\u0259n ayl\u0131q m\u00fcavin\u0259tl\u0259 t\u0259min edilir.\u00a0<\/span><\/p>\n<p class=\"MsoNormal\"><span lang=\"AZ-LATIN\" style=\"font-family: Tahoma; mso-ansi-language: AZ-LATIN;\">O ki, qald\u0131 onlar \u00fc\u00e7\u00fcn tikil\u0259n \u015f\u0259h\u0259rcikl\u0259r\u0259, burada x\u00fcsusil\u0259 Prezidentin 2003-c\u00fc il Prezident se\u00e7kil\u0259rind\u0259n \u0259vv\u0259lki proqram\u0131na diqq\u0259t yetirm\u0259k laz\u0131md\u0131r. H\u0259min proqramda Prezident \u0130lham \u018fliyev s\u00f6z vermi\u015fdi ki, be\u015f il \u0259rzind\u0259 Az\u0259rbaycanda bir d\u0259n\u0259 d\u0259 olsun \u00e7ad\u0131r \u015f\u0259h\u0259rciyi qalmayacaq. V\u0259 veril\u0259n s\u00f6z\u0259 \u0259m\u0259l edildi. H\u0259tta 4 il \u0259rzind\u0259 qa\u00e7q\u0131n \u00e7ad\u0131rlar\u0131n\u0131n y\u00fcks\u0259k s\u0259viyy\u0259li ya\u015fay\u0131\u015f kompleksl\u0259ri il\u0259 \u0259v\u0259zl\u0259nm\u0259si yekunla\u015fd\u0131. Son ill\u0259r d\u0259 m\u0259cburi k\u00f6\u00e7k\u00fcnl\u0259r \u00fc\u00e7\u00fcn m\u0259nzill\u0259rin tikilm\u0259si davam etm\u0259kd\u0259dir. 2019-cu ild\u0259 bu r\u0259q\u0259m 5000-\u0259 yax\u0131nla\u015f\u0131b. Bu il is\u0259 7-8 min m\u0259nzilin istifad\u0259y\u0259 verilm\u0259si n\u0259z\u0259rd\u0259 tutulur.<\/span><\/p>\n<p class=\"MsoNormal\"><span lang=\"AZ-LATIN\" style=\"font-family: Tahoma; mso-ansi-language: AZ-LATIN;\">Prezident \u0130lham \u018fliyev<span style=\"mso-spacerun: yes;\">\u00a0 <\/span>\u00e7\u0131x\u0131\u015f\u0131 zaman\u0131 h\u0259m d\u0259 onu qeyd edib ki, yeni sal\u0131nan \u015f\u0259h\u0259rcikl\u0259r m\u0259cburi k\u00f6\u00e7k\u00fcnl\u0259r \u00fc\u00e7\u00fcn m\u00fcv\u0259qq\u0259ti ya\u015fay\u0131\u015f yeridir. Torpaqlar\u0131m\u0131z i\u015f\u011faldan azad edil\u0259nd\u0259n sonra orada g\u00f6z\u0259l binalar, \u015f\u0259h\u0259rcikl\u0259r tikil\u0259c\u0259k, erm\u0259nil\u0259r t\u0259r\u0259find\u0259n da\u011f\u0131lm\u0131\u015f \u015f\u0259h\u0259rl\u0259rimiz yenid\u0259n qurulacaq. \u0130\u015f\u011faldan azad olunan torpaqlarda da\u011f\u0131d\u0131lm\u0131\u015f tarixi abid\u0259l\u0259rin m\u00f6vcudlu\u011funu \u0259ks etdir\u0259n \u0259m\u0259li memarl\u0131q t\u0259dbirl\u0259rinin g\u00f6r\u00fclm\u0259si d\u0259 n\u0259z\u0259rd\u0259 tutulur.<\/span><\/p>\n<p class=\"MsoNormal\"><span lang=\"AZ-LATIN\" style=\"font-family: Tahoma; mso-ansi-language: AZ-LATIN;\">\u018flb\u0259tt\u0259, h\u0259min g\u00fcnl\u0259r uzaqda deyil. Bunun \u00fc\u00e7\u00fcn b\u00fct\u00fcn \u00fcst\u00fcnl\u00fckl\u0259r\u0259 sahibik. Beyn\u0259lxalq h\u00fcquq, h\u0259rbi g\u00fcc, iqtisadi v\u0259ziyy\u0259timiz buna izin verir. <\/span><\/p>\n<p class=\"MsoNormal\"><strong><span style=\"font-family: Tahoma;\">Zaur M\u0259mm\u0259dov &#8211; Prezident yan\u0131nda D\u00f6vl\u0259t \u0130dar\u0259\u00e7ilik Akademiyas\u0131n\u0131n ba\u015f m\u00fc\u0259llimi, Bak\u0131 Politoloqlar Klubunun s\u0259dri.<\/span><\/strong><\/p>\n<p class=\"MsoNormal\"><strong><span lang=\"AZ-LATIN\" style=\"font-family: Tahoma; mso-ansi-language: AZ-LATIN;\">\u00a0<\/span><\/strong><\/p>\n<\/p><\/div>\n","protected":false},"excerpt":{"rendered":"<p>\u201cHakimiyyet.com\u201d x\u0259b\u0259r verir ki, May\u0131n 28-d\u0259 Bak\u0131n\u0131n Qarada\u011f rayonunda m\u0259cburi k\u00f6\u00e7k\u00fcnl\u0259r \u00fc\u00e7\u00fcn sal\u0131nm\u0131\u015f \u201cQobu Park-3\u201d ya\u015fay\u0131\u015f kompleksinin a\u00e7\u0131l\u0131\u015f\u0131 olub. Az\u0259rbaycan&hellip;<\/p>\n","protected":false},"author":1,"featured_media":58221,"comment_status":"closed","ping_status":"closed","sticky":false,"template":"","format":"standard","meta":{"om_disable_all_campaigns":false,"_monsterinsights_skip_tracking":false,"_uf_show_specific_survey":0,"_uf_disable_surveys":false,"footnotes":""},"categories":[23,5],"tags":[],"aioseo_notices":[],"_links":{"self":[{"href":"https:\/\/hakimiyyet.info.az\/index.php?rest_route=\/wp\/v2\/posts\/58220"}],"collection":[{"href":"https:\/\/hakimiyyet.info.az\/index.php?rest_route=\/wp\/v2\/posts"}],"about":[{"href":"https:\/\/hakimiyyet.info.az\/index.php?rest_route=\/wp\/v2\/types\/post"}],"author":[{"embeddable":true,"href":"https:\/\/hakimiyyet.info.az\/index.php?rest_route=\/wp\/v2\/users\/1"}],"replies":[{"embeddable":true,"href":"https:\/\/hakimiyyet.info.az\/index.php?rest_route=%2Fwp%2Fv2%2Fcomments&post=58220"}],"version-history":[{"count":0,"href":"https:\/\/hakimiyyet.info.az\/index.php?rest_route=\/wp\/v2\/posts\/58220\/revisions"}],"wp:featuredmedia":[{"embeddable":true,"href":"https:\/\/hakimiyyet.info.az\/index.php?rest_route=\/wp\/v2\/media\/58221"}],"wp:attachment":[{"href":"https:\/\/hakimiyyet.info.az\/index.php?rest_route=%2Fwp%2Fv2%2Fmedia&parent=58220"}],"wp:term":[{"taxonomy":"category","embeddable":true,"href":"https:\/\/hakimiyyet.info.az\/index.php?rest_route=%2Fwp%2Fv2%2Fcategories&post=58220"},{"taxonomy":"post_tag","embeddable":true,"href":"https:\/\/hakimiyyet.info.az\/index.php?rest_route=%2Fwp%2Fv2%2Ftags&post=58220"}],"curies":[{"name":"wp","href":"https:\/\/api.w.org\/{rel}","templated":true}]}}