{"id":58270,"date":"2020-05-29T16:55:42","date_gmt":"2020-05-29T12:55:42","guid":{"rendered":"https:\/\/www.hakimiyyet.com\/2019\/58270"},"modified":"2020-05-29T16:55:42","modified_gmt":"2020-05-29T12:55:42","slug":"mdb-hokum%c9%99t-bascilari-surasinin-videokonfrans-formatinda-iclasi-kecirilib","status":"publish","type":"post","link":"https:\/\/hakimiyyet.info.az\/?p=58270","title":{"rendered":"MDB H\u00f6kum\u0259t Ba\u015f\u00e7\u0131lar\u0131 \u015euras\u0131n\u0131n videokonfrans format\u0131nda iclas\u0131 ke\u00e7irilib"},"content":{"rendered":"<p>\u201cHakimiyyet.com\u201d x\u0259b\u0259r verir ki, <\/p>\n<div>\n<p>May\u0131n 29-da MDB H\u00f6kum\u0259t Ba\u015f\u00e7\u0131lar\u0131 \u015euras\u0131n\u0131n videokonfrans format\u0131nda iclas\u0131 ke\u00e7irilib. \u0130clasda Az\u0259rbaycan Respublikas\u0131n\u0131n Ba\u015f Naziri \u018fli \u018fs\u0259dov i\u015ftirak edib.<\/p>\n<p>Nazirl\u0259r Kabinetind\u0259n <a href=\"https:\/\/apa.az\" target=\"_blank\" style=\"display: inline !important;\" rel=\"noopener noreferrer\">APA<\/a>-ya veril\u0259n x\u0259b\u0259r\u0259 g\u00f6r\u0259, MDB h\u00f6kum\u0259t ba\u015f\u00e7\u0131lar\u0131 iqtisadi v\u0259 humanitar sah\u0259l\u0259rd\u0259 \u0259m\u0259kda\u015fl\u0131\u011f\u0131n aktual m\u0259s\u0259l\u0259l\u0259rini m\u00fczakir\u0259 edibl\u0259r, 2030-cu il\u0259d\u0259k Birliyin iqtisadi inki\u015faf Strategiyas\u0131 layih\u0259sini n\u0259z\u0259rd\u0259n ke\u00e7iribl\u0259r. \u015eura \u00fczvl\u0259ri, h\u0259m\u00e7inin koronavirus (COVID-19) infeksiyas\u0131n\u0131n yay\u0131lmas\u0131na qar\u015f\u0131 m\u00fcbariz\u0259d\u0259 birg\u0259 s\u0259yl\u0259r\u0259 dair fikir m\u00fcbadil\u0259si apar\u0131blar.\u00a0<\/p>\n<p>\u0130clasda \u00e7\u0131x\u0131\u015f ed\u0259n Az\u0259rbaycan\u0131n Respublikas\u0131n\u0131n Ba\u015f Naziri \u018fli \u018fs\u0259dov g\u00fcnd\u0259liy\u0259 daxil edilmi\u015f m\u0259s\u0259l\u0259l\u0259rin \u0259h\u0259miyy\u0259tin\u0259 toxunub. Ba\u015f Nazir koronavirus infeksiyas\u0131n\u0131n yay\u0131lmas\u0131n\u0131n qar\u015f\u0131s\u0131n\u0131n al\u0131nmas\u0131, m\u00f6vcud v\u0259ziyy\u0259td\u0259 iqtisadiyyat\u0131n sabitliyin\u0259 m\u00fcmk\u00fcn t\u0259sirl\u0259rin aradan qald\u0131r\u0131lmas\u0131, \u0259halinin sosial rifah\u0131n\u0131n qorunmas\u0131 v\u0259 iqtisadi inki\u015faf\u0131n davaml\u0131l\u0131\u011f\u0131n\u0131n t\u0259min edilm\u0259si m\u0259qs\u0259dil\u0259 \u00f6lk\u0259mizd\u0259 g\u00f6r\u00fcl\u0259n t\u0259xir\u0259sal\u0131nmaz t\u0259dbirl\u0259rd\u0259n dan\u0131\u015f\u0131b. Bu x\u00fcsusda MDB-y\u0259 \u00fczv d\u00f6vl\u0259tl\u0259r t\u0259r\u0259find\u0259n pandemiyaya qar\u015f\u0131 birg\u0259 s\u0259yl\u0259r\u0259 dair q\u0259bul edil\u0259c\u0259k q\u0259rar\u0131n \u00f6n\u0259mini vur\u011fulay\u0131b.<\/p>\n<p>Ba\u015f Nazir \u018fli \u018fs\u0259dov n\u0259qliyyat sah\u0259sin\u0259 investisiyalar\u0131n yat\u0131r\u0131lmas\u0131 n\u0259tic\u0259sind\u0259 \u00f6lk\u0259mizd\u0259 m\u00fcasir n\u0259qliyyat infrastrukturunun yarad\u0131ld\u0131\u011f\u0131n\u0131, bu infrastrukturun onlarla \u00f6lk\u0259ni birl\u0259\u015fdir\u0259n \u015e\u0259rq-Q\u0259rb, \u015eimal-C\u0259nub, \u015eimal-Q\u0259rb n\u0259qliyyat d\u0259hlizl\u0259rinin yarad\u0131lmas\u0131nda, h\u0259m\u00e7inin pandemiya \u015f\u0259raitind\u0259 \u00f6lk\u0259l\u0259r aras\u0131nda ticar\u0259tin a\u00e7\u0131q saxlan\u0131lmas\u0131nda v\u0259 beyn\u0259lxalq y\u00fckda\u015f\u0131malar\u0131n fasil\u0259siz olaraq h\u0259yata ke\u00e7irilm\u0259sind\u0259 b\u00f6y\u00fck rol oynad\u0131\u011f\u0131n\u0131 qeyd edib.\u00a0<\/p>\n<p>\u00d6lk\u0259mizin h\u0259m Birlik \u00e7\u0259r\u00e7iv\u0259sind\u0259, h\u0259m d\u0259 beyn\u0259lxalq s\u0259viyy\u0259d\u0259 humanitar sah\u0259d\u0259 \u0259m\u0259kda\u015fl\u0131\u011fa b\u00f6y\u00fck \u00f6n\u0259m verdiyi d\u0259 qeyd edilib.<\/p>\n<p>\u00c7\u0131x\u0131\u015f\u0131n\u0131n sonunda Az\u0259rbaycan Respublikas\u0131n\u0131n Ba\u015f Naziri MDB m\u0259kan\u0131nda h\u0259ll edilm\u0259mi\u015f m\u00fcnaqi\u015f\u0259l\u0259r m\u0259s\u0259l\u0259sin\u0259 toxunub, bunun regional \u0259m\u0259kda\u015fl\u0131\u011f\u0131n v\u0259 MDB m\u0259kan\u0131nda daha s\u0131x qar\u015f\u0131l\u0131ql\u0131 f\u0259aliyy\u0259tin h\u0259yata ke\u00e7irilm\u0259sin\u0259 ba\u015fl\u0131ca mane\u0259 oldu\u011funu bildirib.<\/p>\n<\/p><\/div>\n","protected":false},"excerpt":{"rendered":"<p>\u201cHakimiyyet.com\u201d x\u0259b\u0259r verir ki, May\u0131n 29-da MDB H\u00f6kum\u0259t Ba\u015f\u00e7\u0131lar\u0131 \u015euras\u0131n\u0131n videokonfrans format\u0131nda iclas\u0131 ke\u00e7irilib. \u0130clasda Az\u0259rbaycan Respublikas\u0131n\u0131n Ba\u015f Naziri \u018fli&hellip;<\/p>\n","protected":false},"author":1,"featured_media":58271,"comment_status":"closed","ping_status":"closed","sticky":false,"template":"","format":"standard","meta":{"om_disable_all_campaigns":false,"_monsterinsights_skip_tracking":false,"_uf_show_specific_survey":0,"_uf_disable_surveys":false,"footnotes":""},"categories":[23,5],"tags":[],"aioseo_notices":[],"_links":{"self":[{"href":"https:\/\/hakimiyyet.info.az\/index.php?rest_route=\/wp\/v2\/posts\/58270"}],"collection":[{"href":"https:\/\/hakimiyyet.info.az\/index.php?rest_route=\/wp\/v2\/posts"}],"about":[{"href":"https:\/\/hakimiyyet.info.az\/index.php?rest_route=\/wp\/v2\/types\/post"}],"author":[{"embeddable":true,"href":"https:\/\/hakimiyyet.info.az\/index.php?rest_route=\/wp\/v2\/users\/1"}],"replies":[{"embeddable":true,"href":"https:\/\/hakimiyyet.info.az\/index.php?rest_route=%2Fwp%2Fv2%2Fcomments&post=58270"}],"version-history":[{"count":0,"href":"https:\/\/hakimiyyet.info.az\/index.php?rest_route=\/wp\/v2\/posts\/58270\/revisions"}],"wp:featuredmedia":[{"embeddable":true,"href":"https:\/\/hakimiyyet.info.az\/index.php?rest_route=\/wp\/v2\/media\/58271"}],"wp:attachment":[{"href":"https:\/\/hakimiyyet.info.az\/index.php?rest_route=%2Fwp%2Fv2%2Fmedia&parent=58270"}],"wp:term":[{"taxonomy":"category","embeddable":true,"href":"https:\/\/hakimiyyet.info.az\/index.php?rest_route=%2Fwp%2Fv2%2Fcategories&post=58270"},{"taxonomy":"post_tag","embeddable":true,"href":"https:\/\/hakimiyyet.info.az\/index.php?rest_route=%2Fwp%2Fv2%2Ftags&post=58270"}],"curies":[{"name":"wp","href":"https:\/\/api.w.org\/{rel}","templated":true}]}}