{"id":58630,"date":"2020-05-29T19:30:00","date_gmt":"2020-05-29T15:30:00","guid":{"rendered":"https:\/\/www.amimb.net\/2019\/58630"},"modified":"2020-05-29T19:30:00","modified_gmt":"2020-05-29T15:30:00","slug":"koreya-xalq-demokratik-respublikasinin-dovl%c9%99t-surasinin-s%c9%99dri-kim-cen-indan","status":"publish","type":"post","link":"https:\/\/hakimiyyet.info.az\/?p=58630","title":{"rendered":"Koreya Xalq Demokratik Respublikas\u0131n\u0131n D\u00f6vl\u0259t \u015euras\u0131n\u0131n s\u0259dri Kim \u00c7en Indan"},"content":{"rendered":"<p><span class=\"news_date\">29 may 2020, 15:30<\/span><\/p>\n<div>\n<div class=\"news_paragraph-block\">\n<p class=\"\" style=\"\"><span style=\"background-color: transparent;\">Az\u0259rbaycan Respublikas\u0131n\u0131n Prezidenti Zati-alil\u0259ri c\u0259nab \u0130lham \u018fliyev\u0259<\/span><\/p>\n<p>Az\u0259rbaycan\u0131n milli bayram\u0131 \u2013 Respublika G\u00fcn\u00fc m\u00fcnasib\u0259til\u0259 Koreya Xalq Demokratik Respublikas\u0131n\u0131n H\u00f6kum\u0259ti v\u0259 xalq\u0131 ad\u0131ndan Sizin dost \u00f6lk\u0259nin h\u00f6kum\u0259tin\u0259 v\u0259 xalq\u0131na \u0259n s\u0259mimi t\u0259brikl\u0259rimi \u00e7atd\u0131r\u0131ram.<\/p>\n<p>Koreya il\u0259 Az\u0259rbaycan aras\u0131nda d\u0259rin tarix\u0259 malik dostluq v\u0259 \u0259m\u0259kda\u015fl\u0131q \u0259laq\u0259l\u0259rinin h\u0259r iki xalq\u0131n arzusu v\u0259 ist\u0259yin\u0259 uy\u011fun olaraq daim inki\u015faf ed\u0259c\u0259yin\u0259 \u0259minliyimi bildirir, Siz\u0259 v\u0259 xalq\u0131n\u0131za Az\u0259rbaycan\u0131n t\u0259r\u0259qqisi namin\u0259 f\u0259aliyy\u0259tinizd\u0259 b\u00f6y\u00fck u\u011furlar arzulay\u0131ram.<\/p>\n<p>Kim \u00c7en In<\/p>\n<p>Koreya Xalq Demokratik Respublikas\u0131n\u0131n D\u00f6vl\u0259t \u015euras\u0131n\u0131n s\u0259dri<\/p>\n<\/div>\n<\/div>\n","protected":false},"excerpt":{"rendered":"<p>29 may 2020, 15:30 Az\u0259rbaycan Respublikas\u0131n\u0131n Prezidenti Zati-alil\u0259ri c\u0259nab \u0130lham \u018fliyev\u0259 Az\u0259rbaycan\u0131n milli bayram\u0131 \u2013 Respublika G\u00fcn\u00fc m\u00fcnasib\u0259til\u0259 Koreya Xalq&hellip;<\/p>\n","protected":false},"author":1,"featured_media":58631,"comment_status":"closed","ping_status":"closed","sticky":false,"template":"","format":"standard","meta":{"om_disable_all_campaigns":false,"_monsterinsights_skip_tracking":false,"_uf_show_specific_survey":0,"_uf_disable_surveys":false,"footnotes":""},"categories":[3,34],"tags":[],"aioseo_notices":[],"_links":{"self":[{"href":"https:\/\/hakimiyyet.info.az\/index.php?rest_route=\/wp\/v2\/posts\/58630"}],"collection":[{"href":"https:\/\/hakimiyyet.info.az\/index.php?rest_route=\/wp\/v2\/posts"}],"about":[{"href":"https:\/\/hakimiyyet.info.az\/index.php?rest_route=\/wp\/v2\/types\/post"}],"author":[{"embeddable":true,"href":"https:\/\/hakimiyyet.info.az\/index.php?rest_route=\/wp\/v2\/users\/1"}],"replies":[{"embeddable":true,"href":"https:\/\/hakimiyyet.info.az\/index.php?rest_route=%2Fwp%2Fv2%2Fcomments&post=58630"}],"version-history":[{"count":0,"href":"https:\/\/hakimiyyet.info.az\/index.php?rest_route=\/wp\/v2\/posts\/58630\/revisions"}],"wp:featuredmedia":[{"embeddable":true,"href":"https:\/\/hakimiyyet.info.az\/index.php?rest_route=\/wp\/v2\/media\/58631"}],"wp:attachment":[{"href":"https:\/\/hakimiyyet.info.az\/index.php?rest_route=%2Fwp%2Fv2%2Fmedia&parent=58630"}],"wp:term":[{"taxonomy":"category","embeddable":true,"href":"https:\/\/hakimiyyet.info.az\/index.php?rest_route=%2Fwp%2Fv2%2Fcategories&post=58630"},{"taxonomy":"post_tag","embeddable":true,"href":"https:\/\/hakimiyyet.info.az\/index.php?rest_route=%2Fwp%2Fv2%2Ftags&post=58630"}],"curies":[{"name":"wp","href":"https:\/\/api.w.org\/{rel}","templated":true}]}}