{"id":58650,"date":"2020-05-29T18:30:00","date_gmt":"2020-05-29T14:30:00","guid":{"rendered":"http:\/\/hakimiyyet.info.az\/2019\/58650"},"modified":"2020-05-29T18:30:00","modified_gmt":"2020-05-29T14:30:00","slug":"az%c9%99rbaycan-prezidentinin-r%c9%99smi-internet-s%c9%99hif%c9%99si-44","status":"publish","type":"post","link":"https:\/\/hakimiyyet.info.az\/?p=58650","title":{"rendered":"Az\u0259rbaycan Prezidentinin R\u0259smi internet s\u0259hif\u0259si"},"content":{"rendered":"<div>\n<p class=\"\" style=\"\"><span style=\"background-color: transparent;\">M\u00f6ht\u0259r\u0259m c\u0259nab Prezident.<\/span><\/p>\n<p>B\u0259\u015f\u0259riyy\u0259tin b\u0259las\u0131na \u00e7evril\u0259n COVID-19 infeksiyas\u0131n\u0131n Az\u0259rbaycanda geni\u015f yay\u0131lmas\u0131n\u0131n qar\u015f\u0131s\u0131n\u0131n al\u0131nmas\u0131, v\u0259t\u0259nda\u015flar\u0131n sa\u011flaml\u0131\u011f\u0131n\u0131n qorunmas\u0131 \u00fc\u00e7\u00fcn Sizin r\u0259hb\u0259rliyinizl\u0259 respublikam\u0131zda g\u00f6r\u00fcl\u0259n qabaqlay\u0131c\u0131 t\u0259dbirl\u0259ri, z\u0259ruri profilaktik i\u015fl\u0259ri d\u0259st\u0259kl\u0259yirik. Biz g\u0259ncl\u0259r Sizin sevginizi, qay\u011f\u0131n\u0131z\u0131 h\u0259r zaman \u00fcz\u0259rimizd\u0259 hiss edirik. M\u0259n bir g\u0259nc olaraq inan\u0131ram ki, \u00f6lk\u0259miz Sizin say\u0259nizd\u0259 bu b\u0259laya qalib g\u0259l\u0259c\u0259k v\u0259 yeni inki\u015faf yoluna q\u0259d\u0259m qoyacaqd\u0131r.<\/p>\n<p>H\u0259r zaman oldu\u011fu kimi, bu \u00e7\u0259tin g\u00fcnl\u0259rd\u0259 d\u0259 biz Sizinl\u0259 h\u0259mr\u0259yik v\u0259 ist\u0259nil\u0259n \u00e7a\u011f\u0131r\u0131\u015f\u0131n\u0131za qo\u015fulma\u011fa haz\u0131r\u0131q. Az\u0259rbaycan\u0131n g\u0259l\u0259c\u0259yi \u00fc\u00e7\u00fcn birg\u0259 add\u0131mlamaq h\u0259r birimizin borcudur. Allah h\u0259r bir i\u015fd\u0259 Siz\u0259 k\u00f6m\u0259k olsun!<\/p>\n<p>H\u00f6rm\u0259tl\u0259,<\/p>\n<p>\u018fhm\u0259dxanov S\u0259mral \u0130lqar o\u011flu<\/p>\n<p>Az\u0259rbaycan Respublikas\u0131, Quba rayonu, Q\u0131m\u0131lq\u0131\u015flaq k\u0259ndi.\u00a0<\/p>\n<\/div>\n","protected":false},"excerpt":{"rendered":"<p>M\u00f6ht\u0259r\u0259m c\u0259nab Prezident. B\u0259\u015f\u0259riyy\u0259tin b\u0259las\u0131na \u00e7evril\u0259n COVID-19 infeksiyas\u0131n\u0131n Az\u0259rbaycanda geni\u015f yay\u0131lmas\u0131n\u0131n qar\u015f\u0131s\u0131n\u0131n al\u0131nmas\u0131, v\u0259t\u0259nda\u015flar\u0131n sa\u011flaml\u0131\u011f\u0131n\u0131n qorunmas\u0131 \u00fc\u00e7\u00fcn Sizin r\u0259hb\u0259rliyinizl\u0259 respublikam\u0131zda&hellip;<\/p>\n","protected":false},"author":1,"featured_media":58651,"comment_status":"closed","ping_status":"closed","sticky":false,"template":"","format":"standard","meta":{"om_disable_all_campaigns":false,"_monsterinsights_skip_tracking":false,"_uf_show_specific_survey":0,"_uf_disable_surveys":false,"footnotes":""},"categories":[3,34],"tags":[],"aioseo_notices":[],"_links":{"self":[{"href":"https:\/\/hakimiyyet.info.az\/index.php?rest_route=\/wp\/v2\/posts\/58650"}],"collection":[{"href":"https:\/\/hakimiyyet.info.az\/index.php?rest_route=\/wp\/v2\/posts"}],"about":[{"href":"https:\/\/hakimiyyet.info.az\/index.php?rest_route=\/wp\/v2\/types\/post"}],"author":[{"embeddable":true,"href":"https:\/\/hakimiyyet.info.az\/index.php?rest_route=\/wp\/v2\/users\/1"}],"replies":[{"embeddable":true,"href":"https:\/\/hakimiyyet.info.az\/index.php?rest_route=%2Fwp%2Fv2%2Fcomments&post=58650"}],"version-history":[{"count":0,"href":"https:\/\/hakimiyyet.info.az\/index.php?rest_route=\/wp\/v2\/posts\/58650\/revisions"}],"wp:featuredmedia":[{"embeddable":true,"href":"https:\/\/hakimiyyet.info.az\/index.php?rest_route=\/wp\/v2\/media\/58651"}],"wp:attachment":[{"href":"https:\/\/hakimiyyet.info.az\/index.php?rest_route=%2Fwp%2Fv2%2Fmedia&parent=58650"}],"wp:term":[{"taxonomy":"category","embeddable":true,"href":"https:\/\/hakimiyyet.info.az\/index.php?rest_route=%2Fwp%2Fv2%2Fcategories&post=58650"},{"taxonomy":"post_tag","embeddable":true,"href":"https:\/\/hakimiyyet.info.az\/index.php?rest_route=%2Fwp%2Fv2%2Ftags&post=58650"}],"curies":[{"name":"wp","href":"https:\/\/api.w.org\/{rel}","templated":true}]}}