{"id":8481,"date":"2019-12-01T11:09:30","date_gmt":"2019-12-01T07:09:30","guid":{"rendered":"https:\/\/www.hakimiyyet.com\/?p=8481"},"modified":"2019-12-01T11:09:30","modified_gmt":"2019-12-01T07:09:30","slug":"ukraynanin-ilk-prezidenti-zelenskini-putinl%c9%99-gorus%c9%99-hazirladi","status":"publish","type":"post","link":"https:\/\/hakimiyyet.info.az\/?p=8481","title":{"rendered":"Ukraynan\u0131n ilk prezidenti Zelenskini Putinl\u0259 g\u00f6r\u00fc\u015f\u0259 haz\u0131rlad\u0131"},"content":{"rendered":"<p>Ukraynan\u0131n ilk prezidenti Leonid Krav\u00e7uk haz\u0131rk\u0131 d\u00f6vl\u0259t ba\u015f\u00e7\u0131s\u0131 Vladimir Zelenskiy\u0259 rusiyal\u0131 h\u0259mkar\u0131 Vladimir Putinl\u0259 Normand sammitind\u0259 apar\u0131lacaq dan\u0131\u015f\u0131qlarda \u00f6z\u00fcn\u00fc nec\u0259 aparmal\u0131 olma\u011f\u0131 il\u0259 ba\u011fl\u0131 m\u0259sl\u0259h\u0259t verib.<\/p>\n<p>Bu bar\u0259d\u0259 \u201c<a href=\"https:\/\/www.youtube.com\/watch?v=03f0TNPA4Zo&amp;feature=youtu.be&amp;t=723\" target=\"_blank\" rel=\"noopener noreferrer\">112<\/a>\u201d telekanal\u0131 m\u0259lumat verir.<\/p>\n<p>Onun s\u00f6zl\u0259rin\u0259 \u0259sas\u0259n, \u201cUkraynan\u0131 m\u00fcdafi\u0259 etm\u0259k\u201d laz\u0131md\u0131r, m\u0259s\u0259l\u0259n, deyilm\u0259lidir ki, Kiyevi Budape\u015ft memorandumu il\u0259 aldad\u0131blar.<\/p>\n<p>\u201cBizi aldad\u0131rlar v\u0259 \u00f6zl\u0259rini el\u0259 apar\u0131rlar ki, guya k\u00f6m\u0259k edirl\u0259r, halbuki, k\u00f6m\u0259k ancaq s\u00f6zd\u0259dir. Biziml\u0259 si\u00e7an-pi\u015fik oyunu oynay\u0131rlar\u201d, &#8211; dey\u0259 Krav\u00e7uk bildirib.<\/p>\n<p>Sabiq siyas\u0259t\u00e7i \u0259lav\u0259 edib ki, sammitin i\u015ftirak\u00e7\u0131lar\u0131 \u201cUkrayna xalq\u0131n\u0131n maraqlar\u0131na cavab ver\u0259n\u201d m\u0259s\u0259l\u0259l\u0259ri m\u00fczakir\u0259 etm\u0259lidirl\u0259r.<\/p>\n<p>Eks-prezident \u201cZelenski Putinin \u0259lini s\u0131xmal\u0131d\u0131rm\u0131?\u201d sual\u0131na is\u0259 cavab\u0131nda bildirib: \u201c\u018flb\u0259tt\u0259. Diplomatiyada m\u0259i\u015f\u0259t yana\u015fmas\u0131 olmamal\u0131d\u0131r. Adam\u0131n \u0259lini s\u0131xmaqla salamla\u015fmaq onu dost hesab etm\u0259k deyil. Bu bar\u0259d\u0259 he\u00e7 yerd\u0259 oxumam\u0131\u015fam\u201d.<\/p>\n<p>\u201cNormand format\u0131nda\u201d sammit dekabr\u0131n 9-da Parisd\u0259 ba\u015f tutacaq. Sammitd\u0259 Fransa prezidenti Emmanuel Makron, Almaniya kansleri Angela Merkel, Rusiyan\u0131n d\u00f6vl\u0259t ba\u015f\u00e7\u0131s\u0131 Vladimir Putin v\u0259 Ukrayna lideri Vladimir Zelenski i\u015ftirak ed\u0259c\u0259kl\u0259r.<\/p>\n","protected":false},"excerpt":{"rendered":"<p>Ukraynan\u0131n ilk prezidenti Leonid Krav\u00e7uk haz\u0131rk\u0131 d\u00f6vl\u0259t ba\u015f\u00e7\u0131s\u0131 Vladimir Zelenskiy\u0259 rusiyal\u0131 h\u0259mkar\u0131 Vladimir Putinl\u0259 Normand sammitind\u0259 apar\u0131lacaq dan\u0131\u015f\u0131qlarda \u00f6z\u00fcn\u00fc nec\u0259&hellip;<\/p>\n","protected":false},"author":1,"featured_media":0,"comment_status":"closed","ping_status":"closed","sticky":false,"template":"","format":"standard","meta":{"om_disable_all_campaigns":false,"_monsterinsights_skip_tracking":false,"_uf_show_specific_survey":0,"_uf_disable_surveys":false,"footnotes":""},"categories":[5],"tags":[],"aioseo_notices":[],"_links":{"self":[{"href":"https:\/\/hakimiyyet.info.az\/index.php?rest_route=\/wp\/v2\/posts\/8481"}],"collection":[{"href":"https:\/\/hakimiyyet.info.az\/index.php?rest_route=\/wp\/v2\/posts"}],"about":[{"href":"https:\/\/hakimiyyet.info.az\/index.php?rest_route=\/wp\/v2\/types\/post"}],"author":[{"embeddable":true,"href":"https:\/\/hakimiyyet.info.az\/index.php?rest_route=\/wp\/v2\/users\/1"}],"replies":[{"embeddable":true,"href":"https:\/\/hakimiyyet.info.az\/index.php?rest_route=%2Fwp%2Fv2%2Fcomments&post=8481"}],"version-history":[{"count":1,"href":"https:\/\/hakimiyyet.info.az\/index.php?rest_route=\/wp\/v2\/posts\/8481\/revisions"}],"predecessor-version":[{"id":8482,"href":"https:\/\/hakimiyyet.info.az\/index.php?rest_route=\/wp\/v2\/posts\/8481\/revisions\/8482"}],"wp:attachment":[{"href":"https:\/\/hakimiyyet.info.az\/index.php?rest_route=%2Fwp%2Fv2%2Fmedia&parent=8481"}],"wp:term":[{"taxonomy":"category","embeddable":true,"href":"https:\/\/hakimiyyet.info.az\/index.php?rest_route=%2Fwp%2Fv2%2Fcategories&post=8481"},{"taxonomy":"post_tag","embeddable":true,"href":"https:\/\/hakimiyyet.info.az\/index.php?rest_route=%2Fwp%2Fv2%2Ftags&post=8481"}],"curies":[{"name":"wp","href":"https:\/\/api.w.org\/{rel}","templated":true}]}}