{"id":8626,"date":"2019-12-01T13:02:11","date_gmt":"2019-12-01T09:02:11","guid":{"rendered":"https:\/\/www.hakimiyyet.com\/?p=8626"},"modified":"2019-12-01T13:02:11","modified_gmt":"2019-12-01T09:02:11","slug":"prezidentin-son-struktur-v%c9%99-kadr-d%c9%99yisiklikl%c9%99ri-yeni-idar%c9%99etm%c9%99-modelin%c9%99-kecid","status":"publish","type":"post","link":"https:\/\/hakimiyyet.info.az\/?p=8626","title":{"rendered":"Prezidentin son struktur v\u0259 kadr d\u0259yi\u015fiklikl\u0259ri: Yeni idar\u0259etm\u0259 modelin\u0259 ke\u00e7id"},"content":{"rendered":"<p style=\"font-weight: 400;\"><span style=\"font-style: inherit; font-weight: inherit;\">Prezident qanunverici v\u0259 icraedici orqanlarda kardinal struktur v\u0259 kadr d\u0259yi\u015fiklikl\u0259rin\u0259 ba\u015flad\u0131. \u0130lin \u0259vv\u0259lind\u0259n m\u0259rh\u0259l\u0259li \u015f\u0259kild\u0259 apar\u0131lan islahatlar art\u0131q yeni m\u0259rh\u0259l\u0259d\u0259 davam edir. Birm\u0259nal\u0131 iddia etm\u0259k olar ki, Az\u0259rbaycan\u0131n iqtisadi v\u0259 siyasi dizayn\u0131 tamamil\u0259 yenil\u0259nir. \u00d6lk\u0259 ba\u015f\u00e7\u0131s\u0131n\u0131n d\u00fcn\u0259nki s\u0259r\u0259ncamlar\u0131 k\u00f6kl\u00fc islahatlar v\u0259 \u201cdaha \u00e7ox demokratiya\u201d strategiyas\u0131n\u0131n i\u015f\u0259 d\u00fc\u015fd\u00fcy\u00fcn\u00fcn x\u0259b\u0259r\u00e7isidir.\u00a0<\/span><span style=\"font-style: inherit; font-weight: inherit;\">\u00a0<\/span><\/p>\n<p style=\"font-weight: 400;\"><span style=\"font-style: inherit; font-weight: inherit;\">Prezident \u018fliyev icra strukturunu il\u0259 yana\u015f\u0131, qanunverici orqan\u0131 da transformasiya edir.\u00a0\u00a0H\u0259tta k\u0259nar m\u00fc\u015fahid\u0259\u00e7inin g\u00f6rd\u00fcy\u00fc budur ki, Prezidentin h\u0259yata ke\u00e7irdiyi siyasi x\u0259tt yaln\u0131z siyasi texnologiya elementl\u0259ri deyil, \u0259n\u0259n\u0259vi v\u0259 k\u00f6hn\u0259lmi\u015f idar\u0259etm\u0259nin tamamil\u0259 yeni metodologiya il\u0259 \u0259v\u0259z edilm\u0259sidir. \u00d6lk\u0259 ba\u015f\u00e7\u0131s\u0131 b\u00f6y\u00fck a\u00e7\u0131l\u0131ma gedir v\u0259 \u00f6lk\u0259nin yeni iqtisadi-siyasi inki\u015faf\u0131 istiqam\u0259tind\u0259ki prioritetl\u0259ri m\u00fc\u0259yy\u0259nl\u0259\u015fdirir.<\/span><\/p>\n<p style=\"font-weight: 400;\"><span style=\"font-style: inherit; font-weight: inherit;\">Bu bax\u0131mdan, Prezident \u018fliyevin son g\u00fcnl\u0259r verdiyi s\u0259r\u0259ncamlar x\u00fcsusil\u0259 b\u00f6y\u00fck \u00f6n\u0259m k\u0259sb edir.<\/span><\/p>\n<p style=\"font-weight: 400;\"><span style=\"font-style: inherit; font-weight: inherit;\">Bel\u0259likl\u0259, \u00f6lk\u0259 ba\u015f\u00e7\u0131s\u0131 \u0130lham \u018fliyev Prezident Administrasiyas\u0131n\u0131n i\u015finin t\u0259kmill\u0259\u015fdirilm\u0259si istiqam\u0259tind\u0259 real add\u0131m atd\u0131. Bu strukturun t\u0259rkibinin yenid\u0259n formala\u015fd\u0131r\u0131lmas\u0131 yeni idar\u0259etm\u0259 modelin\u0259 ke\u00e7idin \u0259sas\u0131 da adland\u0131r\u0131la bil\u0259r. Bel\u0259 ki, \u00f6lk\u0259 ba\u015f\u00e7\u0131s\u0131n\u0131n s\u0259r\u0259ncamlar\u0131 il\u0259 prezidentinin yeni k\u00f6m\u0259k\u00e7il\u0259ri t\u0259yin edildi, onlar\u0131n say\u0131 9-a qald\u0131r\u0131ld\u0131 v\u0259 bu postlara t\u0259yin edil\u0259nl\u0259r s\u0131ras\u0131nda tamamil\u0259 yeni, g\u0259nc simalar da var. Eyni zamanda, Prezident Administrasiyas\u0131n\u0131n \u015f\u00f6b\u0259 m\u00fcdirl\u0259ri t\u0259yin olundu, b\u0259zi \u015f\u00f6b\u0259l\u0259r, m\u0259s\u0259l\u0259n, ictimai-siyasi m\u0259s\u0259l\u0259l\u0259r \u00fczr\u0259 k\u00f6m\u0259k\u00e7i-\u015f\u00f6b\u0259 m\u00fcdiri postu l\u0259\u011fv edildi. B\u00fct\u00fcn bunlar icra hakimiyy\u0259tinin i\u015finin yenid\u0259n, daha sanball\u0131 \u015f\u0259kild\u0259 qurulmas\u0131na s\u0259b\u0259b olacaq add\u0131mlar kimi d\u0259y\u0259rl\u0259ndirilir.<\/span><\/p>\n<p style=\"font-weight: 400;\"><span style=\"font-style: inherit; font-weight: inherit;\">Burada m\u00fch\u00fcm m\u0259qamlardan biri d\u0259 vaxt se\u00e7imi m\u0259s\u0259l\u0259sidir. Bel\u0259 ki, hakim Yeni Az\u0259rbaycan Partiyas\u0131ndan olan deputatlar\u0131n Milli M\u0259clisin burax\u0131lmas\u0131 il\u0259 ba\u011fl\u0131 m\u0259lum m\u00fcraci\u0259tind\u0259n sonra c\u0259miyy\u0259td\u0259 m\u00fczakir\u0259l\u0259r ba\u015flam\u0131\u015fd\u0131. Bel\u0259 bir vaxtda Prezident Administrasiyas\u0131n\u0131n strukturunun yeni siyah\u0131s\u0131n\u0131n a\u00e7\u0131qlanmas\u0131, b\u0259zi \u015f\u00f6b\u0259l\u0259rin l\u0259\u011fv edilm\u0259si v\u0259 faktiki olaraq d\u00f6vl\u0259tin v\u0259t\u0259nda\u015f c\u0259miyy\u0259ti v\u0259 media institutuna n\u0259zar\u0259t ed\u0259n funksiyadan imtina etm\u0259si m\u0259tbuat v\u0259 d\u00fc\u015f\u00fcnc\u0259 azadl\u0131\u011f\u0131 bax\u0131m\u0131ndan olduqca ciddi add\u0131m hesab edil\u0259 bil\u0259r. Sosial \u015f\u0259b\u0259k\u0259l\u0259rd\u0259 v\u0259 ictimai r\u0259yd\u0259 bu add\u0131m \u201cyeni media d\u00f6vr\u00fc\u201d kimi s\u0259ciyy\u0259l\u0259ndirildi.<\/span><\/p>\n<p style=\"font-weight: 400;\"><span style=\"font-style: inherit; font-weight: inherit;\">Bir s\u00f6zl\u0259, Prezident \u0130lham \u018fliyevin son q\u0259rarlar\u0131 \u00f6lk\u0259d\u0259 v\u0259t\u0259nda\u015f birliyi \u00fc\u00e7\u00fcn yeni m\u00fchit formala\u015fd\u0131r\u0131r.<\/span><\/p>\n<p style=\"font-weight: 400;\"><span style=\"font-style: inherit; font-weight: inherit;\">Prezident \u018fliyev q\u0259tiyy\u0259tli add\u0131mlar atd\u0131. Bu prosesd\u0259 \u00f6lk\u0259 r\u0259hb\u0259ri n\u0259 hakim komandaya, n\u0259 beyn\u0259lxalq t\u0259\u015fkilatlara arxalan\u0131r. Onun \u00fc\u00e7\u00fcn ba\u015fl\u0131ca amil sad\u0259 v\u0259t\u0259nda\u015flarla birba\u015fa t\u0259masd\u0131r. Prezident tamamil\u0259 f\u0259rqli yana\u015fmaya \u00fcst\u00fcnl\u00fck verir. Bu yana\u015fman\u0131n n\u0259tic\u0259si olaraq, \u201cinqilab\u201d, \u201c\u00e7axna\u015fma\u201d kimi \u0259lav\u0259 \u201cqorxu vasit\u0259l\u0259ri\u201d il\u0259 t\u0259zyiq etm\u0259k ist\u0259y\u0259nl\u0259rin d\u0259 arqumentl\u0259rin\u0259 \u00f6ld\u00fcr\u00fcc\u00fc z\u0259rb\u0259 vurulur.<\/span><\/p>\n<p style=\"font-weight: 400;\"><span style=\"font-style: inherit; font-weight: inherit;\">Prezident \u0130lham \u018fliyev n\u00f6vb\u0259ti d\u0259f\u0259 n\u00fcmayi\u015f etdirdi ki, ciddi d\u0259yi\u015fiklik t\u0259r\u0259fdar\u0131d\u0131r. O, probleml\u0259ri h\u0259ll edir, lakin yeni yana\u015fma il\u0259 \u00e7al\u0131\u015f\u0131r. Burada bir inc\u0259 m\u0259qam da var. Prezident praqmatik v\u0259 m\u00fct\u0259r\u0259qqi siyas\u0259t\u00e7i olmaqla yana\u015f\u0131, kardinal d\u0259yi\u015fiklikl\u0259r ed\u0259c\u0259k q\u0259d\u0259r q\u0259tiyy\u0259tlidir. Son add\u0131mlar da g\u00f6st\u0259rdi ki, Prezident iqtisadi islahatlar v\u0259 demokratik transformasiya t\u0259r\u0259fdar\u0131d\u0131r. \u018fslind\u0259, beyn\u0259lxalq m\u00fcnasib\u0259tl\u0259r \u00fczr\u0259 ciddi m\u00fct\u0259x\u0259ssis olan Prezident \u0130lham \u018fliyev b\u0259zi m\u0259murlar\u0131n daha \u00e7ox m\u00fcdafi\u0259 etdiyi \u201cimitasiya edil\u0259n demokratiya\u201d\u00a0modelinin yar\u0131tmaz oldu\u011funu n\u00fcmayi\u015f etdir\u0259r\u0259k, ciddi islahatlara getdi. \u00d6lk\u0259 r\u0259hb\u0259ri g\u0259l\u0259c\u0259k m\u00fcmk\u00fcn kataklizml\u0259ri d\u0259 \u00f6nl\u0259mi\u015f oldu. \u00d6lk\u0259 ba\u015f\u00e7\u0131s\u0131 sosial-iqtisadi g\u00f6st\u0259ricil\u0259rin inki\u015faf v\u0259 t\u0259n\u0259zz\u00fcl tempini n\u0259z\u0259r\u0259 alaraq, g\u0259l\u0259c\u0259k se\u00e7kil\u0259rd\u0259 spontan etiraz s\u0259sverm\u0259l\u0259rin qar\u015f\u0131s\u0131n\u0131 demokratik yolla almaq \u00fc\u00e7\u00fcn se\u00e7ki\u00a0\u00a0qanunvericiliyinin liberalla\u015fmas\u0131n\u0131 da t\u0259min etdi.<\/span><\/p>\n<p style=\"font-weight: 400;\"><span style=\"font-style: inherit; font-weight: inherit;\">Prezident \u0130lham \u018fliyevin son add\u0131mlar\u0131n\u0131 yenilik\u00e7i siyas\u0259t kimi d\u0259 xarakteriz\u0259 etm\u0259k m\u00fcmk\u00fcnd\u00fcr. C\u0259miyy\u0259tin m\u00fcsb\u0259t g\u00f6zl\u0259ntil\u0259ri \u00f6z\u00fcn\u00fc do\u011fruldur.<\/span><\/p>\n<p style=\"font-weight: 400;\"><span style=\"font-style: inherit; font-weight: inherit;\">Onu da qeyd ed\u0259k ki, Prezidentin liberal niyy\u0259tl\u0259ri fonunda d\u00f6vl\u0259t m\u00fcst\u0259qil median\u0131 \u00f6z n\u0259zar\u0259tind\u0259 saxlaya bilm\u0259zdi. Bu bax\u0131mdan, d\u00f6vl\u0259tin m\u00fcst\u0259qil m\u0259tbuata n\u0259zar\u0259td\u0259n (m\u0259hz n\u0259zar\u0259td\u0259n, yard\u0131mdan deyil) imtina etm\u0259sini \u00e7ox g\u00f6z\u0259l ba\u015flan\u011f\u0131c adland\u0131rmaq olar.<\/span><\/p>\n<p style=\"font-weight: 400;\"><span style=\"font-style: inherit; font-weight: inherit;\">D\u00f6vl\u0259t ba\u015f\u00e7\u0131s\u0131n\u0131n h\u0259tta t\u0259nqid\u00e7il\u0259ri d\u0259 bel\u0259 hesab edirl\u0259r ki, \u0130lham \u018fliyevin son add\u0131mlar\u0131 m\u00fcst\u0259qilliyin qorunmas\u0131 v\u0259 siyasi, iqtisadi, sosial islahatlara y\u00f6n\u0259lmi\u015f siyas\u0259tdir.<\/span><\/p>\n<p style=\"font-weight: 400;\"><span style=\"font-style: inherit; font-weight: inherit;\">B\u00fct\u00fcn bu gedi\u015fl\u0259r iqtidar\u0131n n\u00fcfuzunu qald\u0131r\u0131r. M\u00f6t\u0259dil se\u00e7icil\u0259r ist\u0259nil\u0259n se\u00e7kid\u0259 Prezidenti d\u0259st\u0259kl\u0259y\u0259c\u0259kl\u0259r.<\/span><\/p>\n<p style=\"font-weight: 400;\"><span style=\"font-style: inherit; font-weight: inherit;\">Burada xat\u0131rlatmaq yerin\u0259 d\u00fc\u015f\u0259rdi ki, BDU-nun 100 illiyi il\u0259 ba\u011fl\u0131 ke\u00e7iril\u0259n t\u0259dbird\u0259 Prezident \u018fliyev ideoloji i\u015fd\u0259n naraz\u0131 qald\u0131\u011f\u0131n\u0131 bildirmi\u015fdi. \u018fslind\u0259, \u00f6lk\u0259 liderinin bu tezisi \u00f6lk\u0259d\u0259 azad median\u0131n yenid\u0259n qurulmas\u0131 \u00e7a\u011f\u0131r\u0131\u015f\u0131 idi. \u00d6nc\u0259ki \u00e7\u0131x\u0131\u015flar\u0131nda da Prezident \u018fliyev az qala a\u00e7\u0131q m\u0259tnl\u0259 bildirirdi ki, yeni d\u00f6vrd\u0259 bel\u0259 siyas\u0259t i\u015fl\u0259mir v\u0259 i\u015fl\u0259y\u0259 d\u0259 bilm\u0259z.\u00a0\u00a0<\/span><\/p>\n<p style=\"font-weight: 400;\"><span style=\"font-style: inherit; font-weight: inherit;\">Bel\u0259likl\u0259, \u00f6lk\u0259 ba\u015f\u00e7\u0131s\u0131 c\u0259miyy\u0259t\u0259 v\u0259 m\u00fcst\u0259qil m\u0259tbuata \u0259lini uzatd\u0131. M\u0259s\u0259l\u0259 bundad\u0131r ki, media c\u0259miyy\u0259tin, iqtisadiyyat\u0131n m\u00fch\u00fcm t\u0259rkib hiss\u0259sidir v\u0259 bu sah\u0259d\u0259 d\u0259 k\u00f6kl\u00fc \u015f\u0259kild\u0259 islahatlar apar\u0131lmal\u0131d\u0131r. M\u00fcst\u0259qil median\u0131n inki\u015faf\u0131na d\u0259st\u0259k c\u0259miyy\u0259td\u0259 azad v\u0259 \u0259dal\u0259tli m\u00fcnasib\u0259tl\u0259rin formala\u015fd\u0131r\u0131lmas\u0131na s\u0259b\u0259b ola bil\u0259r. Prezident d\u0259f\u0259l\u0259rl\u0259 vur\u011fulam\u0131\u015fd\u0131 ki, media b\u0259zi m\u0259murlar\u0131n \u015f\u0259xsi \u00e7\u0259ki\u015fm\u0259 m\u00fcst\u0259visin\u0259 \u00e7evrilib v\u0259 bu intriqalardan \u0259l \u00e7\u0259kilm\u0259lidir. Bu problemin h\u0259lli yolu \u00fc\u00e7\u00fcn m\u00fcxt\u0259lif kombinasiyalar qurmaq m\u00fcmk\u00fcn idi. Lakin \u00f6lk\u0259 ba\u015f\u00e7\u0131s\u0131 daha s\u0131nanm\u0131\u015f metoddan istifad\u0259 etdi v\u0259 median\u0131n t\u0259nqid s\u0259rh\u0259dl\u0259rini geni\u015fl\u0259ndirm\u0259k \u00fc\u00e7\u00fcn stimulla\u015fd\u0131rman\u0131 se\u00e7di. \u00c7\u00fcnki media islahatlara yard\u0131m ed\u0259n ba\u015fl\u0131ca institutlardan biridir.<\/span><\/p>\n<p style=\"font-weight: 400;\"><span style=\"font-style: inherit; font-weight: inherit;\">Prezident \u018fliyev BDU-nun 100 illiyi il\u0259 ba\u011fl\u0131 tarixi \u00e7\u0131x\u0131\u015f\u0131nda b\u0259zi xarici q\u00fcvv\u0259l\u0259rin islahat kursuna mane olmaq ist\u0259diyini d\u0259 bildirdi. \u201cR\u0259ngli inqilablar\u201d\u0131n da\u011f\u0131nt\u0131lar g\u0259tirdiyini vur\u011fulayan \u00f6lk\u0259 ba\u015f\u00e7\u0131s\u0131 \u00f6z\u00fc qurucu, m\u00fct\u0259r\u0259qqi inqilabi d\u0259yi\u015fiklikl\u0259rin m\u00fc\u0259llifi oldu.<\/span><\/p>\n<p style=\"font-weight: 400;\"><span style=\"font-style: inherit; font-weight: inherit;\">\u0130ndi qar\u015f\u0131da daha bir m\u0259rh\u0259l\u0259 durur. D\u0259yi\u015fiklikl\u0259rd\u0259n sonra yerd\u0259 qalan probleml\u0259ri h\u0259ll etm\u0259k v\u0259 daha geni\u015f, irimiqyasl\u0131 islahatlar&#8230; Daha b\u00f6y\u00fck islahatlar is\u0259 yeni komanda il\u0259 h\u0259yata ke\u00e7iril\u0259 bil\u0259rdi v\u0259 \u00f6lk\u0259 r\u0259hb\u0259ri komandas\u0131n\u0131 \u0259sasl\u0131 d\u0259r\u0259c\u0259d\u0259 yenil\u0259di.<\/span><\/p>\n<p style=\"font-weight: 400;\"><b><strong><span style=\"font-style: inherit; font-weight: inherit;\"><a href=\"https:\/\/apa.az\/\">APA<\/a>\u00a0Analytics<\/span><\/strong><\/b><\/p>\n","protected":false},"excerpt":{"rendered":"<p>Prezident qanunverici v\u0259 icraedici orqanlarda kardinal struktur v\u0259 kadr d\u0259yi\u015fiklikl\u0259rin\u0259 ba\u015flad\u0131. \u0130lin \u0259vv\u0259lind\u0259n m\u0259rh\u0259l\u0259li \u015f\u0259kild\u0259 apar\u0131lan islahatlar art\u0131q yeni m\u0259rh\u0259l\u0259d\u0259&hellip;<\/p>\n","protected":false},"author":1,"featured_media":0,"comment_status":"closed","ping_status":"closed","sticky":false,"template":"","format":"standard","meta":{"om_disable_all_campaigns":false,"_monsterinsights_skip_tracking":false,"_uf_show_specific_survey":0,"_uf_disable_surveys":false,"footnotes":""},"categories":[5],"tags":[],"aioseo_notices":[],"_links":{"self":[{"href":"https:\/\/hakimiyyet.info.az\/index.php?rest_route=\/wp\/v2\/posts\/8626"}],"collection":[{"href":"https:\/\/hakimiyyet.info.az\/index.php?rest_route=\/wp\/v2\/posts"}],"about":[{"href":"https:\/\/hakimiyyet.info.az\/index.php?rest_route=\/wp\/v2\/types\/post"}],"author":[{"embeddable":true,"href":"https:\/\/hakimiyyet.info.az\/index.php?rest_route=\/wp\/v2\/users\/1"}],"replies":[{"embeddable":true,"href":"https:\/\/hakimiyyet.info.az\/index.php?rest_route=%2Fwp%2Fv2%2Fcomments&post=8626"}],"version-history":[{"count":1,"href":"https:\/\/hakimiyyet.info.az\/index.php?rest_route=\/wp\/v2\/posts\/8626\/revisions"}],"predecessor-version":[{"id":8627,"href":"https:\/\/hakimiyyet.info.az\/index.php?rest_route=\/wp\/v2\/posts\/8626\/revisions\/8627"}],"wp:attachment":[{"href":"https:\/\/hakimiyyet.info.az\/index.php?rest_route=%2Fwp%2Fv2%2Fmedia&parent=8626"}],"wp:term":[{"taxonomy":"category","embeddable":true,"href":"https:\/\/hakimiyyet.info.az\/index.php?rest_route=%2Fwp%2Fv2%2Fcategories&post=8626"},{"taxonomy":"post_tag","embeddable":true,"href":"https:\/\/hakimiyyet.info.az\/index.php?rest_route=%2Fwp%2Fv2%2Ftags&post=8626"}],"curies":[{"name":"wp","href":"https:\/\/api.w.org\/{rel}","templated":true}]}}