{"id":8635,"date":"2019-12-01T13:05:33","date_gmt":"2019-12-01T09:05:33","guid":{"rendered":"https:\/\/www.hakimiyyet.com\/?p=8635"},"modified":"2019-12-01T13:05:33","modified_gmt":"2019-12-01T09:05:33","slug":"olimpiya-odisseyasi-layih%c9%99si-c%c9%99rciv%c9%99sind%c9%99-t%c9%99dbir-kecirilib","status":"publish","type":"post","link":"https:\/\/hakimiyyet.info.az\/?p=8635","title":{"rendered":"\u201cOl\u0131mpiya Odisseyas\u0131\u201d layih\u0259si \u00e7\u0259r\u00e7iv\u0259sind\u0259 t\u0259dbir ke\u00e7irilib"},"content":{"rendered":"<p>\u015e\u0259ki \u015f\u0259h\u0259rind\u0259ki Heyd\u0259r \u018fliyev m\u0259rk\u0259zind\u0259 \u201cOl\u0131mpiya Odisseyas\u0131\u201d layih\u0259si \u00e7\u0259r\u00e7iv\u0259sind\u0259 olimpiya \u00e7empionu Namiq Abdullayevl\u0259 g\u00f6r\u00fc\u015f ke\u00e7irilib. T\u0259dbir \u00e7\u0259r\u00e7iv\u0259sind\u0259 olimpiya \u00e7empionu haqq\u0131nda \u00e7\u0259kilmi\u015f film n\u00fcmayi\u015f etdirilib.<\/p>\n<p><a class=\"azertac-link\" href=\"https:\/\/azertag.az\/\" target=\"_blank\" rel=\"noopener noreferrer\">AZ\u018fRTAC<\/a>\u00a0x\u0259b\u0259r verir ki, t\u0259dbir g\u0259ncl\u0259r aras\u0131nda sa\u011flam h\u0259yat t\u0259rzinin, h\u0259r bir ya\u015f kateqoriyas\u0131 \u00fc\u00e7\u00fcn b\u0259d\u0259n t\u0259rbiy\u0259si v\u0259 idman\u0131n, Olimpiya prinsipl\u0259rinin, u\u015faq, yeniyetm\u0259 v\u0259 g\u0259ncl\u0259rin c\u0259miyy\u0259t\u0259 sa\u011flam inteqrasiyas\u0131 t\u0259bli\u011f m\u0259qs\u0259di da\u015f\u0131y\u0131b.<\/p>\n<p>T\u0259dbird\u0259 \u00e7\u0131x\u0131\u015f ed\u0259n \u015e\u0259ki \u015e\u0259h\u0259r G\u0259ncl\u0259r v\u0259 \u0130dman \u0130dar\u0259sinin r\u0259isi V\u00fcqar \u0130sk\u0259nd\u0259rov \u00f6lk\u0259mizd\u0259, o c\u00fcml\u0259d\u0259n \u015e\u0259ki \u015f\u0259h\u0259rind\u0259 h\u0259yata ke\u00e7iril\u0259n g\u0259ncl\u0259r siyas\u0259ti v\u0259 idman sah\u0259sind\u0259 \u0259ld\u0259 olunan nailiyy\u0259tl\u0259r bar\u0259d\u0259 dan\u0131\u015f\u0131b, bel\u0259 t\u0259dbirl\u0259rin \u00f6n\u0259mini vur\u011fulay\u0131b.<\/p>\n<p>Az\u0259rbaycan Respublikas\u0131 G\u0259ncl\u0259r v\u0259 \u0130dman Nazirliyinin Strateji planla\u015fd\u0131rma v\u0259 beyn\u0259lxalq standartlar\u0131n t\u0259tbiqi sektorunun m\u00fcdiri M\u0259ry\u0259m Qafarzad\u0259 \u00f6lk\u0259mizd\u0259 g\u0259ncl\u0259r siyas\u0259tinin u\u011furla h\u0259yata ke\u00e7irilm\u0259si n\u0259tic\u0259sind\u0259 \u0259ld\u0259 olunan u\u011furlar\u0131 diqq\u0259t\u0259 \u00e7atd\u0131r\u0131b. O, g\u0259ncl\u0259rin m\u0259\u015f\u011fullu\u011fu, yarad\u0131c\u0131 t\u0259\u015f\u0259bb\u00fcsl\u0259rini realla\u015fd\u0131r\u0131lmas\u0131, g\u0259ncl\u0259r aras\u0131nda sa\u011flam h\u0259yat t\u0259rzinin t\u0259bli\u011fi istiqam\u0259tind\u0259 h\u0259yata ke\u00e7iril\u0259n t\u0259dbirl\u0259rd\u0259n s\u00f6hb\u0259t a\u00e7\u0131b, g\u0259ncl\u0259ri z\u0259r\u0259rli v\u0259rdi\u015fl\u0259rl\u0259 m\u00fcbariz\u0259y\u0259 \u00e7a\u011f\u0131r\u0131b.<\/p>\n<p>Milli Olimpiya Komit\u0259sinin n\u00fcmay\u0259nd\u0259si Nazir R\u0259himov \u00f6lk\u0259mizd\u0259 idman sah\u0259sind\u0259 apar\u0131lan yenid\u0259nqurma i\u015fl\u0259ri bar\u0259d\u0259 m\u0259lumat verib, g\u0259ncl\u0259r aras\u0131nda olimpiya h\u0259r\u0259kat\u0131 d\u0259y\u0259rl\u0259rinin t\u0259bli\u011find\u0259 maarifl\u0259ndirm\u0259 i\u015finin vacibliyini vur\u011fulay\u0131b.<\/p>\n<p>T\u0259dbird\u0259 \u00e7\u0131x\u0131\u015f ed\u0259n layih\u0259 m\u00fc\u0259llifi, kinorejissor Arzu Qulamov &#8220;Q\u0131z\u0131l Sidney\/Namiq Abdullayev&#8221; filminin \u00e7\u0259kili\u015fi zaman\u0131 ba\u015f ver\u0259n anlarla ba\u011fl\u0131 xatir\u0259l\u0259rini dan\u0131\u015f\u0131b, Az\u0259rbaycan\u0131n Olimpiya Odisseyas\u0131n\u0131n q\u0259hr\u0259manlar\u0131 olan olimpiya \u00e7empionlar\u0131m\u0131z haqq\u0131nda filml\u0259rin \u0259rs\u0259y\u0259 g\u0259lm\u0259sind\u0259 xidm\u0259tl\u0259ri olan h\u0259r k\u0259s\u0259 t\u0259\u015f\u0259kk\u00fcr\u00fcn\u00fc bildirib.<\/p>\n<p>Sonra s\u0259rb\u0259st g\u00fcl\u0259\u015f \u00fczr\u0259 1996-c\u0131 il Atlanta Olimpiadas\u0131nda g\u00fcm\u00fc\u015f, 2000-ci il Sidney Olimpiadas\u0131nda q\u0131z\u0131l medal qazanm\u0131\u015f Namiq Abdullayevd\u0259n b\u0259hs ed\u0259n \u201cQ\u0131z\u0131l Sidney\/Namiq Abdullayev\u201d film\u0131 n\u00fcmayi\u015f etdirilib.<\/p>\n<p>Filmin n\u00fcmayi\u015find\u0259n sonra \u00e7\u0131x\u0131\u015f ed\u0259n olimpiya \u00e7empionu \u00f6lk\u0259mizd\u0259 b\u0259d\u0259n t\u0259rbiy\u0259si v\u0259 idman\u0131n inki\u015faf\u0131 \u00fc\u00e7\u00fcn h\u0259r c\u00fcr \u015f\u0259rait yarad\u0131ld\u0131\u011f\u0131n\u0131 deyib. Bildirib ki, d\u00f6vl\u0259tin y\u00fcks\u0259k diqq\u0259t v\u0259 qay\u011f\u0131s\u0131 n\u0259tic\u0259sind\u0259 idman\u0131n dig\u0259r n\u00f6vl\u0259ri kimi, g\u00fcl\u0259\u015f d\u0259 s\u00fcr\u0259tl\u0259 inki\u015faf edir. O, h\u0259m\u00e7inin idman h\u0259yat\u0131ndak\u0131 maraql\u0131 anlar\u0131 tama\u015fa\u00e7\u0131larla b\u00f6l\u00fc\u015f\u00fcb.<\/p>\n<p>Namiq Abdullayev sonda t\u0259dbir i\u015ftirak\u00e7\u0131lar\u0131n\u0131 maraqland\u0131ran suallar\u0131 cavabland\u0131r\u0131b.<\/p>\n","protected":false},"excerpt":{"rendered":"<p>\u015e\u0259ki \u015f\u0259h\u0259rind\u0259ki Heyd\u0259r \u018fliyev m\u0259rk\u0259zind\u0259 \u201cOl\u0131mpiya Odisseyas\u0131\u201d layih\u0259si \u00e7\u0259r\u00e7iv\u0259sind\u0259 olimpiya \u00e7empionu Namiq Abdullayevl\u0259 g\u00f6r\u00fc\u015f ke\u00e7irilib. T\u0259dbir \u00e7\u0259r\u00e7iv\u0259sind\u0259 olimpiya \u00e7empionu haqq\u0131nda&hellip;<\/p>\n","protected":false},"author":1,"featured_media":0,"comment_status":"closed","ping_status":"closed","sticky":false,"template":"","format":"standard","meta":{"om_disable_all_campaigns":false,"_monsterinsights_skip_tracking":false,"_uf_show_specific_survey":0,"_uf_disable_surveys":false,"footnotes":""},"categories":[2,5],"tags":[],"aioseo_notices":[],"_links":{"self":[{"href":"https:\/\/hakimiyyet.info.az\/index.php?rest_route=\/wp\/v2\/posts\/8635"}],"collection":[{"href":"https:\/\/hakimiyyet.info.az\/index.php?rest_route=\/wp\/v2\/posts"}],"about":[{"href":"https:\/\/hakimiyyet.info.az\/index.php?rest_route=\/wp\/v2\/types\/post"}],"author":[{"embeddable":true,"href":"https:\/\/hakimiyyet.info.az\/index.php?rest_route=\/wp\/v2\/users\/1"}],"replies":[{"embeddable":true,"href":"https:\/\/hakimiyyet.info.az\/index.php?rest_route=%2Fwp%2Fv2%2Fcomments&post=8635"}],"version-history":[{"count":1,"href":"https:\/\/hakimiyyet.info.az\/index.php?rest_route=\/wp\/v2\/posts\/8635\/revisions"}],"predecessor-version":[{"id":8636,"href":"https:\/\/hakimiyyet.info.az\/index.php?rest_route=\/wp\/v2\/posts\/8635\/revisions\/8636"}],"wp:attachment":[{"href":"https:\/\/hakimiyyet.info.az\/index.php?rest_route=%2Fwp%2Fv2%2Fmedia&parent=8635"}],"wp:term":[{"taxonomy":"category","embeddable":true,"href":"https:\/\/hakimiyyet.info.az\/index.php?rest_route=%2Fwp%2Fv2%2Fcategories&post=8635"},{"taxonomy":"post_tag","embeddable":true,"href":"https:\/\/hakimiyyet.info.az\/index.php?rest_route=%2Fwp%2Fv2%2Ftags&post=8635"}],"curies":[{"name":"wp","href":"https:\/\/api.w.org\/{rel}","templated":true}]}}