{"id":8693,"date":"2019-12-01T22:38:57","date_gmt":"2019-12-01T18:38:57","guid":{"rendered":"http:\/\/hakimiyyet.info.az\/?p=8693"},"modified":"2019-12-01T22:39:10","modified_gmt":"2019-12-01T18:39:10","slug":"alihasanov","status":"publish","type":"post","link":"https:\/\/hakimiyyet.info.az\/?p=8693","title":{"rendered":"\u018fli H\u0259s\u0259novun q\u0259zeti Prezidentin onunla ba\u011fl\u0131 S\u0259r\u0259ncam\u0131n\u0131 d\u0259rc etm\u0259di &#8211; FAKT"},"content":{"rendered":"<p><b>X\u0259b\u0259r verdiyimiz kimi, noyabr\u0131n 29-da Prezident \u0130lham \u018fliyevin imzalad\u0131\u011f\u0131 S\u0259r\u0259ncamla \u018fli H\u0259s\u0259nov Az\u0259rbaycan Respublikas\u0131 Prezidentinin ictimai siyasi m\u0259s\u0259l\u0259l\u0259r \u00fczr\u0259 k\u00f6m\u0259k\u00e7isi &#8211; \u015f\u00f6b\u0259 m\u00fcdiri v\u0259zif\u0259sind\u0259n azad edilib.<\/b><\/p>\n<p>S\u00f6z\u00fcged\u0259n S\u0259r\u0259ncam Az\u0259rbaycan Prezidentinin r\u0259smi internet s\u0259hif\u0259sind\u0259 v\u0259 AZ\u018fRTAC-da yerl\u0259\u015fdirils\u0259 d\u0259, ancaq \u018fli H\u0259s\u0259nova m\u0259xsus olan b\u0259zi K\u0130V-l\u0259rd\u0259 yer almay\u0131b.<\/p>\n<p><b>BAKU.WS<\/b>\u00a0\u201cdemokrat.az\u201da istinad\u0259n x\u0259b\u0259r verir ki, \u018fli H\u0259s\u0259novun h\u0259yat yolda\u015f\u0131 Sona V\u0259liyevan\u0131n t\u0259sis\u00e7isi oldu\u011fu &#8220;Kaspi&#8221; q\u0259zeti \u00f6lk\u0259 Prezidentinin bu S\u0259r\u0259ncam\u0131n\u0131 d\u0259rc etm\u0259kd\u0259n imtina edib. Q\u0259zetin 30 noyabr tarixli n\u00f6mr\u0259sind\u0259 Prezident \u0130lham \u018fliyevin ay\u0131n 29-da imzalad\u0131\u011f\u0131 S\u0259r\u0259ncamlar aras\u0131nda yaln\u0131z \u018fli H\u0259s\u0259novla q\u0259rar\u0131 d\u0259rc olunmay\u0131b.<\/p>\n<p>G\u00f6r\u00fcn\u00fcr, \u018fli H\u0259s\u0259novun v\u0259zif\u0259sind\u0259n \u00e7\u0131xar\u0131lmas\u0131 onun \u00fc\u00e7\u00fcn d\u0259 g\u00f6zl\u0259nilm\u0259z olub. Buna g\u00f6r\u0259 d\u0259 Sona V\u0259liyeva r\u0259hb\u0259rlik etdiyi q\u0259zetd\u0259 Prezident \u0130lham \u018fliyevin \u018fli H\u0259s\u0259novla ba\u011fl\u0131 m\u0259lum S\u0259r\u0259ncam\u0131n\u0131n d\u0259rc etm\u0259kd\u0259n imtina edib.<\/p>\n<p>Qeyd ed\u0259k ki, Sona V\u0259liyeva &#8220;Kaspi&#8221; q\u0259zetininin t\u0259sis\u00e7isi olmaqla yana\u015f\u0131, &#8220;Kaspi&#8221; M\u0259tbuat v\u0259 T\u0259hsil M\u0259rk\u0259zin\u0259 d\u0259 r\u0259hb\u0259rlik edir.<\/p>\n<p><img decoding=\"async\" src=\"https:\/\/baku.ws\/uploads\/posts\/2019-12\/1575203574_78164044_472427203385204_7808744521201614848_n.jpg\" alt=\"\" \/><\/p>\n<p>&nbsp;<\/p>\n","protected":false},"excerpt":{"rendered":"<p>X\u0259b\u0259r verdiyimiz kimi, noyabr\u0131n 29-da Prezident \u0130lham \u018fliyevin imzalad\u0131\u011f\u0131 S\u0259r\u0259ncamla \u018fli H\u0259s\u0259nov Az\u0259rbaycan Respublikas\u0131 Prezidentinin ictimai siyasi m\u0259s\u0259l\u0259l\u0259r \u00fczr\u0259 k\u00f6m\u0259k\u00e7isi&hellip;<\/p>\n","protected":false},"author":1,"featured_media":0,"comment_status":"closed","ping_status":"closed","sticky":false,"template":"","format":"standard","meta":{"om_disable_all_campaigns":false,"_monsterinsights_skip_tracking":false,"_uf_show_specific_survey":0,"_uf_disable_surveys":false,"footnotes":""},"categories":[23,7,5],"tags":[],"aioseo_notices":[],"_links":{"self":[{"href":"https:\/\/hakimiyyet.info.az\/index.php?rest_route=\/wp\/v2\/posts\/8693"}],"collection":[{"href":"https:\/\/hakimiyyet.info.az\/index.php?rest_route=\/wp\/v2\/posts"}],"about":[{"href":"https:\/\/hakimiyyet.info.az\/index.php?rest_route=\/wp\/v2\/types\/post"}],"author":[{"embeddable":true,"href":"https:\/\/hakimiyyet.info.az\/index.php?rest_route=\/wp\/v2\/users\/1"}],"replies":[{"embeddable":true,"href":"https:\/\/hakimiyyet.info.az\/index.php?rest_route=%2Fwp%2Fv2%2Fcomments&post=8693"}],"version-history":[{"count":1,"href":"https:\/\/hakimiyyet.info.az\/index.php?rest_route=\/wp\/v2\/posts\/8693\/revisions"}],"predecessor-version":[{"id":8694,"href":"https:\/\/hakimiyyet.info.az\/index.php?rest_route=\/wp\/v2\/posts\/8693\/revisions\/8694"}],"wp:attachment":[{"href":"https:\/\/hakimiyyet.info.az\/index.php?rest_route=%2Fwp%2Fv2%2Fmedia&parent=8693"}],"wp:term":[{"taxonomy":"category","embeddable":true,"href":"https:\/\/hakimiyyet.info.az\/index.php?rest_route=%2Fwp%2Fv2%2Fcategories&post=8693"},{"taxonomy":"post_tag","embeddable":true,"href":"https:\/\/hakimiyyet.info.az\/index.php?rest_route=%2Fwp%2Fv2%2Ftags&post=8693"}],"curies":[{"name":"wp","href":"https:\/\/api.w.org\/{rel}","templated":true}]}}