{"id":9499,"date":"2019-12-04T00:22:32","date_gmt":"2019-12-03T20:22:32","guid":{"rendered":"https:\/\/www.hakimiyyet.com\/?p=9499"},"modified":"2019-12-04T00:22:32","modified_gmt":"2019-12-03T20:22:32","slug":"nazir-idar%c9%99-r%c9%99isini-isd%c9%99n-cixardi","status":"publish","type":"post","link":"https:\/\/hakimiyyet.info.az\/?p=9499","title":{"rendered":"Nazir idar\u0259 r\u0259isini i\u015fd\u0259n \u00e7\u0131xard\u0131"},"content":{"rendered":"<p>Daxili \u0130\u015fl\u0259r Nazirliyind\u0259 n\u00f6vb\u0259ti kadr d\u0259yi\u015fikliyi ba\u015f tutub.\u00a0 Bununla ba\u011fl\u0131 m\u00fcvafiq \u0259mri Daxili \u0130\u015fl\u0259r naziri, general-polkovnik Vilay\u0259t Eyvazov imzalay\u0131b. \u018fmr\u0259 \u0259sas\u0259n, Bak\u0131 \u015e\u0259h\u0259r Ba\u015f Polis \u0130dar\u0259sinin Kadrlar \u0130dar\u0259sinin r\u0259isi, polis polkovniki El\u00e7in \u018fs\u0259dov v\u0259zif\u0259sind\u0259n azad edilib.\u00a0Onun i\u015fd\u0259n azad edilm\u0259sinin s\u0259b\u0259bi xidm\u0259td\u0259 olman\u0131n son ya\u015f h\u0259ddi il\u0259 ba\u011fl\u0131 t\u0259qa\u00fcd\u0259 g\u00f6nd\u0259rilm\u0259sidir.<\/p>\n","protected":false},"excerpt":{"rendered":"<p>Daxili \u0130\u015fl\u0259r Nazirliyind\u0259 n\u00f6vb\u0259ti kadr d\u0259yi\u015fikliyi ba\u015f tutub.\u00a0 Bununla ba\u011fl\u0131 m\u00fcvafiq \u0259mri Daxili \u0130\u015fl\u0259r naziri, general-polkovnik Vilay\u0259t Eyvazov imzalay\u0131b. \u018fmr\u0259&hellip;<\/p>\n","protected":false},"author":2,"featured_media":9500,"comment_status":"closed","ping_status":"closed","sticky":false,"template":"","format":"standard","meta":{"om_disable_all_campaigns":false,"_monsterinsights_skip_tracking":false,"_uf_show_specific_survey":0,"_uf_disable_surveys":false,"footnotes":""},"categories":[23,2,5],"tags":[],"aioseo_notices":[],"_links":{"self":[{"href":"https:\/\/hakimiyyet.info.az\/index.php?rest_route=\/wp\/v2\/posts\/9499"}],"collection":[{"href":"https:\/\/hakimiyyet.info.az\/index.php?rest_route=\/wp\/v2\/posts"}],"about":[{"href":"https:\/\/hakimiyyet.info.az\/index.php?rest_route=\/wp\/v2\/types\/post"}],"author":[{"embeddable":true,"href":"https:\/\/hakimiyyet.info.az\/index.php?rest_route=\/wp\/v2\/users\/2"}],"replies":[{"embeddable":true,"href":"https:\/\/hakimiyyet.info.az\/index.php?rest_route=%2Fwp%2Fv2%2Fcomments&post=9499"}],"version-history":[{"count":1,"href":"https:\/\/hakimiyyet.info.az\/index.php?rest_route=\/wp\/v2\/posts\/9499\/revisions"}],"predecessor-version":[{"id":9501,"href":"https:\/\/hakimiyyet.info.az\/index.php?rest_route=\/wp\/v2\/posts\/9499\/revisions\/9501"}],"wp:featuredmedia":[{"embeddable":true,"href":"https:\/\/hakimiyyet.info.az\/index.php?rest_route=\/wp\/v2\/media\/9500"}],"wp:attachment":[{"href":"https:\/\/hakimiyyet.info.az\/index.php?rest_route=%2Fwp%2Fv2%2Fmedia&parent=9499"}],"wp:term":[{"taxonomy":"category","embeddable":true,"href":"https:\/\/hakimiyyet.info.az\/index.php?rest_route=%2Fwp%2Fv2%2Fcategories&post=9499"},{"taxonomy":"post_tag","embeddable":true,"href":"https:\/\/hakimiyyet.info.az\/index.php?rest_route=%2Fwp%2Fv2%2Ftags&post=9499"}],"curies":[{"name":"wp","href":"https:\/\/api.w.org\/{rel}","templated":true}]}}