{"id":9596,"date":"2019-12-05T00:16:52","date_gmt":"2019-12-04T20:16:52","guid":{"rendered":"https:\/\/www.hakimiyyet.com\/?p=9596"},"modified":"2019-12-05T00:16:52","modified_gmt":"2019-12-04T20:16:52","slug":"az%c9%99rbaycan-prezidenti-kadr-islahatlari-davam-etdiril%c9%99c%c9%99k","status":"publish","type":"post","link":"https:\/\/hakimiyyet.info.az\/?p=9596","title":{"rendered":"Az\u0259rbaycan Prezidenti: &#8220;Kadr islahatlar\u0131 davam etdiril\u0259c\u0259k&#8221;"},"content":{"rendered":"<p>Kadr islahatlar\u0131 davam etdiril\u0259c\u0259k.<\/p>\n<p>Day.Az\u00a0<a href=\"http:\/\/azertag.az\/\" target=\"_blank\" rel=\"noopener noreferrer\">AZ\u018fRTAC<\/a>-a istinad\u0259n bildirir ki,\u00a0bunu Prezident \u0130lham \u018fliyev R\u00fcst\u0259m X\u0259lilovu Hac\u0131qabul Rayon \u0130cra Hakimiyy\u0259tinin ba\u015f\u00e7\u0131s\u0131, V\u00fcqar Novruzovu Naftalan \u015e\u0259h\u0259r \u0130cra Hakimiyy\u0259tinin ba\u015f\u00e7\u0131s\u0131 v\u0259zif\u0259l\u0259rin\u0259 t\u0259yin olunmas\u0131 il\u0259 \u0259laq\u0259dar q\u0259bul ed\u0259rk\u0259n deyib.<\/p>\n<p>Prezident \u0130lham \u018fliyev bildirib: &#8220;Bizim apard\u0131\u011f\u0131m\u0131z kadr v\u0259 struktur islahatlar\u0131, eyni zamanda, \u00f6lk\u0259mizin beyn\u0259lxalq imicini daha da y\u00fcks\u0259kl\u0259r\u0259 qald\u0131r\u0131r v\u0259 v\u0259t\u0259nda\u015flar t\u0259r\u0259find\u0259n y\u00fcks\u0259k qiym\u0259tl\u0259ndirilir. Ke\u00e7irilmi\u015f son r\u0259y sor\u011fusunun n\u0259tic\u0259l\u0259rin\u0259 g\u00f6r\u0259, xalq\u0131m\u0131z\u0131n m\u00fctl\u0259q \u0259ks\u0259riyy\u0259ti bizim siyas\u0259timizi d\u0259st\u0259kl\u0259yir v\u0259 b\u0259y\u0259nir.<\/p>\n<p>Kadr islahatlar\u0131 davam etdiril\u0259c\u0259k. Son vaxtlar apar\u0131lan islahatlar art\u0131q \u00f6z n\u0259tic\u0259sini verm\u0259kd\u0259dir. C\u0259miyy\u0259td\u0259 bu islahatlarla ba\u011fl\u0131 \u00e7ox m\u00fcsb\u0259t r\u0259y formala\u015f\u0131b v\u0259 g\u00f6zl\u0259ntil\u0259r d\u0259 vard\u0131r. Ona g\u00f6r\u0259 t\u0259yin edilmi\u015f b\u00fct\u00fcn yeni kadrlar qar\u015f\u0131s\u0131nda konkret v\u0259zif\u0259l\u0259r qoyulur v\u0259 bu kadrlar o v\u0259zif\u0259l\u0259ri icra etm\u0259lidirl\u0259r. D\u00f6vl\u0259t m\u0259murlar\u0131 v\u0259zif\u0259y\u0259 g\u0259lir m\u0259nb\u0259yi kimi baxmamal\u0131d\u0131rlar. D\u00f6vl\u0259t m\u0259murlar\u0131 xalqa xidm\u0259t etm\u0259lidirl\u0259r. Onlar\u0131n ba\u015fl\u0131ca missiyas\u0131 bundan ibar\u0259tdir v\u0259 siz d\u0259 bel\u0259 i\u015fl\u0259m\u0259lisiniz.<\/p>\n<p>&nbsp;<\/p>\n<p>R\u00fcst\u0259m X\u0259lilov uzun ill\u0259r Milli M\u0259clisin deputat\u0131 kimi f\u0259aliyy\u0259t g\u00f6st\u0259rir. \u018fvv\u0259lki d\u00f6vrl\u0259rd\u0259 d\u0259 b\u00f6y\u00fck t\u0259cr\u00fcb\u0259 toplam\u0131\u015fd\u0131r. \u018fmin\u0259m ki, Hac\u0131qabul rayonunda bu t\u0259cr\u00fcb\u0259ni t\u0259tbiq ed\u0259c\u0259k v\u0259 rayonun inki\u015faf\u0131na t\u00f6hf\u0259 ver\u0259c\u0259kdir. V\u00fcqar Novruzov g\u0259nc kadrd\u0131r v\u0259 bir m\u00fcdd\u0259t Prezident Administrasiyas\u0131nda i\u015fl\u0259yib, indi is\u0259 X\u0259z\u0259r rayonunda icra hakimiyy\u0259tinin m\u00fcavini kimi i\u015fl\u0259yir. Y\u0259ni, bug\u00fcnk\u00fc t\u0259yinat da m\u0259nim dediyim s\u00f6zl\u0259rin t\u0259sdiqidir: t\u0259cr\u00fcb\u0259 v\u0259 g\u0259ncl\u0259rin novatorlu\u011fu. Bax, bu sintez h\u0259m c\u0259miyy\u0259td\u0259 m\u00f6vcud olmal\u0131d\u0131r, m\u00f6hk\u0259ml\u0259nm\u0259lidir, h\u0259m d\u0259 iqtidar komandas\u0131nda v\u0259 b\u00fct\u00fcn idar\u0259etm\u0259 strukturlar\u0131nda. T\u0259cr\u00fcb\u0259li kadrlar\u0131n bilikl\u0259ri, haz\u0131rl\u0131\u011f\u0131, eyni zamanda, g\u0259ncl\u0259rin novatorlu\u011fu, dinamizmi, yenilikl\u0259r\u0259 meyilliliyi &#8211; bu prinsipl\u0259rin v\u0259hd\u0259ti u\u011furlu inki\u015faf\u0131m\u0131z\u0131 bundan sonra da \u015f\u0259rtl\u0259ndir\u0259c\u0259kdir.<\/p>\n<p>Sizin \u0259sas v\u0259zif\u0259niz ondan ibar\u0259t olmal\u0131d\u0131r ki, r\u0259hb\u0259rlik ed\u0259c\u0259yiniz \u015f\u0259h\u0259r v\u0259 rayonda iqtisadi inki\u015faf t\u0259min edilsin, i\u015fsizlikl\u0259 ba\u011fl\u0131 probleml\u0259r \u00f6z h\u0259llini taps\u0131n. Siz v\u0259t\u0259nda\u015flarla daim t\u0259masda olmal\u0131s\u0131n\u0131z. M\u00f6vcud b\u00fct\u00fcn olan probleml\u0259ri, ilk n\u00f6vb\u0259d\u0259, \u00e7ox d\u0259rind\u0259n t\u0259hlil etm\u0259lisiniz v\u0259 probleml\u0259rin h\u0259lli \u00fc\u00e7\u00fcn i\u015f plan\u0131 tutulmal\u0131d\u0131r. T\u0259bii ki, probleml\u0259rin bir hiss\u0259sinin h\u0259lli m\u0259rk\u0259zi icra orqanlar\u0131n\u0131n s\u0259lahiyy\u0259tind\u0259dir. Bel\u0259 olan halda, m\u0259rk\u0259zi icra orqanlar\u0131 qar\u015f\u0131s\u0131nda m\u0259s\u0259l\u0259 qald\u0131rmal\u0131s\u0131n\u0131z, eyni zamanda, Prezident Administrasiyas\u0131na m\u0259lumat verm\u0259lisiniz. O m\u0259s\u0259l\u0259l\u0259r ki, sizin f\u0259aliyy\u0259tinizd\u0259n as\u0131l\u0131d\u0131r, onlar\u0131 \u00f6z\u00fcn\u00fcz h\u0259ll etm\u0259lisiniz v\u0259 daim v\u0259t\u0259nda\u015flardan onlar\u0131 narahat ed\u0259n m\u0259s\u0259l\u0259l\u0259ri e\u015fitm\u0259lisiniz. Ona g\u00f6r\u0259 v\u0259t\u0259nda\u015flarla sizin \u00fcnsiyy\u0259tiniz formal xarakter yox, i\u015fg\u00fczar xarakter da\u015f\u0131mal\u0131d\u0131r v\u0259 bu, sizin i\u015f qrafikinizd\u0259 prioritet m\u0259s\u0259l\u0259 olmal\u0131d\u0131r&#8221;<\/p>\n","protected":false},"excerpt":{"rendered":"<p>Kadr islahatlar\u0131 davam etdiril\u0259c\u0259k. Day.Az\u00a0AZ\u018fRTAC-a istinad\u0259n bildirir ki,\u00a0bunu Prezident \u0130lham \u018fliyev R\u00fcst\u0259m X\u0259lilovu Hac\u0131qabul Rayon \u0130cra Hakimiyy\u0259tinin ba\u015f\u00e7\u0131s\u0131, V\u00fcqar Novruzovu&hellip;<\/p>\n","protected":false},"author":2,"featured_media":9597,"comment_status":"closed","ping_status":"closed","sticky":false,"template":"","format":"standard","meta":{"om_disable_all_campaigns":false,"_monsterinsights_skip_tracking":false,"_uf_show_specific_survey":0,"_uf_disable_surveys":false,"footnotes":""},"categories":[23,2,7,5],"tags":[],"aioseo_notices":[],"_links":{"self":[{"href":"https:\/\/hakimiyyet.info.az\/index.php?rest_route=\/wp\/v2\/posts\/9596"}],"collection":[{"href":"https:\/\/hakimiyyet.info.az\/index.php?rest_route=\/wp\/v2\/posts"}],"about":[{"href":"https:\/\/hakimiyyet.info.az\/index.php?rest_route=\/wp\/v2\/types\/post"}],"author":[{"embeddable":true,"href":"https:\/\/hakimiyyet.info.az\/index.php?rest_route=\/wp\/v2\/users\/2"}],"replies":[{"embeddable":true,"href":"https:\/\/hakimiyyet.info.az\/index.php?rest_route=%2Fwp%2Fv2%2Fcomments&post=9596"}],"version-history":[{"count":1,"href":"https:\/\/hakimiyyet.info.az\/index.php?rest_route=\/wp\/v2\/posts\/9596\/revisions"}],"predecessor-version":[{"id":9598,"href":"https:\/\/hakimiyyet.info.az\/index.php?rest_route=\/wp\/v2\/posts\/9596\/revisions\/9598"}],"wp:featuredmedia":[{"embeddable":true,"href":"https:\/\/hakimiyyet.info.az\/index.php?rest_route=\/wp\/v2\/media\/9597"}],"wp:attachment":[{"href":"https:\/\/hakimiyyet.info.az\/index.php?rest_route=%2Fwp%2Fv2%2Fmedia&parent=9596"}],"wp:term":[{"taxonomy":"category","embeddable":true,"href":"https:\/\/hakimiyyet.info.az\/index.php?rest_route=%2Fwp%2Fv2%2Fcategories&post=9596"},{"taxonomy":"post_tag","embeddable":true,"href":"https:\/\/hakimiyyet.info.az\/index.php?rest_route=%2Fwp%2Fv2%2Ftags&post=9596"}],"curies":[{"name":"wp","href":"https:\/\/api.w.org\/{rel}","templated":true}]}}