{"id":9632,"date":"2019-12-05T16:28:53","date_gmt":"2019-12-05T12:28:53","guid":{"rendered":"https:\/\/www.hakimiyyet.com\/?p=9632"},"modified":"2019-12-05T16:28:53","modified_gmt":"2019-12-05T12:28:53","slug":"p%c9%99rvin-k%c9%99rimzad%c9%99-az%c9%99rbaycanin-birinci-vitse-prezidentinin-humanist-addimi-s%c9%99n%c9%99t%c9%99-s%c9%99n%c9%99tkara-horm%c9%99tin-t%c9%99sdiqidir","status":"publish","type":"post","link":"https:\/\/hakimiyyet.info.az\/?p=9632","title":{"rendered":"P\u0259rvin K\u0259rimzad\u0259: Az\u0259rbaycan\u0131n Birinci vitse-prezidentinin humanist add\u0131m\u0131 s\u0259n\u0259t\u0259, s\u0259n\u0259tkara h\u00f6rm\u0259tin t\u0259sdiqidir"},"content":{"rendered":"<p>Az\u0259rbaycan Respublikas\u0131n\u0131n Birinci vitse-prezidenti Mehriban \u018fliyevan\u0131n dekabr\u0131n 4-d\u0259 milli musiqi m\u0259d\u0259niyy\u0259timizin g\u00f6rk\u0259mli n\u00fcmay\u0259nd\u0259si, Xalq artisti \u018flibaba M\u0259mm\u0259dovun evind\u0259 qonaq olmas\u0131, ustad xan\u0259nd\u0259 il\u0259 s\u0259mimi s\u00f6hb\u0259ti \u00f6lk\u0259mizd\u0259 m\u0259d\u0259niyy\u0259tin v\u0259 inc\u0259s\u0259n\u0259tin inki\u015faf\u0131nda xidm\u0259tl\u0259ri olan \u015f\u0259xsl\u0259r\u0259 d\u00f6vl\u0259t s\u0259viyy\u0259sind\u0259 g\u00f6st\u0259ril\u0259n b\u00f6y\u00fck h\u00f6rm\u0259tin n\u00fcmun\u0259sidir.<\/p>\n<p>Bunu\u00a0<a class=\"azertac-link\" href=\"https:\/\/azertag.az\/\" target=\"_blank\" rel=\"noopener noreferrer\">AZ\u018fRTAC<\/a>-a a\u00e7\u0131qlamas\u0131nda Milli M\u0259clisin deputat\u0131, G\u0259nc\u0259 D\u00f6vl\u0259t Universitetinin Elm v\u0259 innovasiyalar \u00fczr\u0259 prorektoru P\u0259rvin K\u0259rimzad\u0259 deyib.<\/p>\n<p><img decoding=\"async\" loading=\"lazy\" class=\"wp-image-9568 alignleft\" src=\"https:\/\/www.hakimiyyet.com\/wp-content\/uploads\/2019\/12\/1-ci-300x152.jpg\" alt=\"\" width=\"412\" height=\"209\" srcset=\"https:\/\/hakimiyyet.info.az\/wp-content\/uploads\/2019\/12\/1-ci-300x152.jpg?v=1583033224 300w, https:\/\/hakimiyyet.info.az\/wp-content\/uploads\/2019\/12\/1-ci-1024x519.jpg?v=1583033224 1024w, https:\/\/hakimiyyet.info.az\/wp-content\/uploads\/2019\/12\/1-ci-768x389.jpg?v=1583033224 768w, https:\/\/hakimiyyet.info.az\/wp-content\/uploads\/2019\/12\/1-ci-1536x778.jpg?v=1583033224 1536w, https:\/\/hakimiyyet.info.az\/wp-content\/uploads\/2019\/12\/1-ci-2048x1038.jpg?v=1583033224 2048w\" sizes=\"(max-width: 412px) 100vw, 412px\" \/><\/p>\n<p>P\u0259rvin K\u0259rimzad\u0259 qeyd edib ki, m\u0259d\u0259niyy\u0259timizin, xalq musiqil\u0259rimizin, b\u0259nz\u0259rsiz mu\u011famlar\u0131m\u0131z\u0131n inki\u015faf\u0131, m\u0259n\u0259vi s\u0259rv\u0259tl\u0259rimizin qorunmas\u0131, beyn\u0259lxalq al\u0259md\u0259 daha yax\u0131ndan tan\u0131nmas\u0131 kimi \u015f\u0259r\u0259fli v\u0259 m\u0259suliyy\u0259tli missiyan\u0131 \u00fcz\u0259rin\u0259 g\u00f6t\u00fcr\u0259n Mehriban \u018fliyevan\u0131n humanist, n\u0259cib add\u0131m\u0131 a\u011fsaqqallara, a\u011fbir\u00e7\u0259kl\u0259r\u0259, d\u0259d\u0259-babalar\u0131m\u0131zdan biz\u0259 miras qalm\u0131\u015f \u0259d\u0259biyyata, inc\u0259s\u0259n\u0259t\u0259, \u015feir\u0259, t\u0259sviri s\u0259n\u0259t\u0259, musiqiy\u0259, bir s\u00f6zl\u0259, s\u0259n\u0259tkara h\u00f6rm\u0259tin t\u0259sdiqidir. D\u00f6vl\u0259t xadiminin musiqi m\u0259d\u0259niyy\u0259timizin g\u00f6rk\u0259mli n\u00fcmay\u0259nd\u0259sini evind\u0259 ziyar\u0259t etm\u0259k t\u0259kc\u0259 musiqisev\u0259rl\u0259r t\u0259r\u0259find\u0259n deyil, ictimaiyy\u0259t t\u0259r\u0259find\u0259n d\u0259 r\u0259\u011fb\u0259tl\u0259 qar\u015f\u0131lan\u0131b. Birinci vitse-prezident Mehriban \u018fliyevan\u0131n d\u00f6vl\u0259timizin ba\u015f\u00e7\u0131s\u0131 \u0130lham \u018fliyevl\u0259 birg\u0259 regionlara s\u0259f\u0259rl\u0259ri zaman\u0131 v\u0259t\u0259nda\u015flara g\u00f6st\u0259rdiyi diqq\u0259t, qay\u011f\u0131, ona m\u00fcraci\u0259t ed\u0259n h\u0259r bir \u015f\u0259xsl\u0259 \u00e7ox mehriban davranmas\u0131, x\u00fcsus\u0259n ya\u015fl\u0131lara, k\u00f6rp\u0259l\u0259r\u0259 olan m\u00fcnasib\u0259ti bunun \u0259yani s\u00fcbutudur. Valideyn himay\u0259sind\u0259n m\u0259hrum olmu\u015f v\u0259 u\u015faq evl\u0259rind\u0259 t\u0259rbiy\u0259 alan u\u015faqlarla g\u00f6r\u00fc\u015fl\u0259rind\u0259 bu n\u0259cib xan\u0131m\u0131n s\u0259mimiyy\u0259ti, i\u00e7d\u0259n g\u0259l\u0259n qay\u011f\u0131ke\u015f r\u0259ftar\u0131 insan\u0131 heyran etm\u0259y\u0259 bilm\u0259z.<\/p>\n<p>Birinci vitse-prezident t\u0259yin olunmas\u0131ndan ke\u00e7\u0259n m\u00fcdd\u0259t \u0259rzind\u0259 Mehriban xan\u0131m \u018fliyevan\u0131n V\u0259t\u0259n v\u0259 xalq qar\u015f\u0131s\u0131nda xidm\u0259tl\u0259ri bir\u0259be\u015f art\u0131b, t\u0259hsilin, s\u0259hiyy\u0259nin, m\u0259d\u0259niyy\u0259tin, idman\u0131n inki\u015faf\u0131, h\u0259qiq\u0259tl\u0259rimizin t\u0259bli\u011fi, milli-m\u0259n\u0259vi d\u0259y\u0259rl\u0259rimizin qorunmas\u0131, d\u00fcnya xalqlar\u0131n\u0131n m\u0259d\u0259niyy\u0259tin\u0259 inteqrasiyas\u0131 istiqam\u0259tind\u0259 g\u00f6rd\u00fcy\u00fc i\u015fl\u0259r, atd\u0131\u011f\u0131 add\u0131mlar xalq t\u0259r\u0259find\u0259n daim b\u00f6y\u00fck raz\u0131l\u0131qla qar\u015f\u0131lan\u0131r.<\/p>\n<p>\u201cBu g\u00fcn Birinci vitse-prezident Mehriban \u018fliyeva \u00f6z\u00fcn\u0259m\u0259xsus n\u0259cib, humanist v\u0259 insanp\u0259rv\u0259r xarakteri il\u0259 tarix\u0259 Az\u0259rbaycan qad\u0131n\u0131n\u0131n ictimai f\u0259aliyy\u0259tinin yeni s\u0259hif\u0259sini yaz\u0131r. Mehriban \u018fliyevan\u0131n elm, t\u0259hsil, m\u0259d\u0259niyy\u0259t v\u0259 idman sah\u0259l\u0259rinin inki\u015faf\u0131na y\u00f6n\u0259lmi\u015f f\u0259aliyy\u0259ti, \u00f6lk\u0259d\u0259ki quruculuq prosesl\u0259rind\u0259 yax\u0131ndan i\u015ftirak\u0131, m\u00fcasir Az\u0259rbaycan qad\u0131n\u0131n\u0131n obraz\u0131 bu n\u0259cib xan\u0131m\u0131n timsal\u0131nda d\u00fcnyaya n\u00fcmayi\u015f etdirilir\u201d, &#8211; dey\u0259 deputat \u0259lav\u0259 edib.<\/p>\n","protected":false},"excerpt":{"rendered":"<p>Az\u0259rbaycan Respublikas\u0131n\u0131n Birinci vitse-prezidenti Mehriban \u018fliyevan\u0131n dekabr\u0131n 4-d\u0259 milli musiqi m\u0259d\u0259niyy\u0259timizin g\u00f6rk\u0259mli n\u00fcmay\u0259nd\u0259si, Xalq artisti \u018flibaba M\u0259mm\u0259dovun evind\u0259 qonaq olmas\u0131,&hellip;<\/p>\n","protected":false},"author":2,"featured_media":9633,"comment_status":"closed","ping_status":"closed","sticky":false,"template":"","format":"standard","meta":{"om_disable_all_campaigns":false,"_monsterinsights_skip_tracking":false,"_uf_show_specific_survey":0,"_uf_disable_surveys":false,"footnotes":""},"categories":[23,12,2,5],"tags":[],"aioseo_notices":[],"_links":{"self":[{"href":"https:\/\/hakimiyyet.info.az\/index.php?rest_route=\/wp\/v2\/posts\/9632"}],"collection":[{"href":"https:\/\/hakimiyyet.info.az\/index.php?rest_route=\/wp\/v2\/posts"}],"about":[{"href":"https:\/\/hakimiyyet.info.az\/index.php?rest_route=\/wp\/v2\/types\/post"}],"author":[{"embeddable":true,"href":"https:\/\/hakimiyyet.info.az\/index.php?rest_route=\/wp\/v2\/users\/2"}],"replies":[{"embeddable":true,"href":"https:\/\/hakimiyyet.info.az\/index.php?rest_route=%2Fwp%2Fv2%2Fcomments&post=9632"}],"version-history":[{"count":1,"href":"https:\/\/hakimiyyet.info.az\/index.php?rest_route=\/wp\/v2\/posts\/9632\/revisions"}],"predecessor-version":[{"id":9634,"href":"https:\/\/hakimiyyet.info.az\/index.php?rest_route=\/wp\/v2\/posts\/9632\/revisions\/9634"}],"wp:featuredmedia":[{"embeddable":true,"href":"https:\/\/hakimiyyet.info.az\/index.php?rest_route=\/wp\/v2\/media\/9633"}],"wp:attachment":[{"href":"https:\/\/hakimiyyet.info.az\/index.php?rest_route=%2Fwp%2Fv2%2Fmedia&parent=9632"}],"wp:term":[{"taxonomy":"category","embeddable":true,"href":"https:\/\/hakimiyyet.info.az\/index.php?rest_route=%2Fwp%2Fv2%2Fcategories&post=9632"},{"taxonomy":"post_tag","embeddable":true,"href":"https:\/\/hakimiyyet.info.az\/index.php?rest_route=%2Fwp%2Fv2%2Ftags&post=9632"}],"curies":[{"name":"wp","href":"https:\/\/api.w.org\/{rel}","templated":true}]}}