{"id":9831,"date":"2019-12-10T08:12:34","date_gmt":"2019-12-10T04:12:34","guid":{"rendered":"http:\/\/hakimiyyet.info.az\/?p=9831"},"modified":"2019-12-10T08:12:34","modified_gmt":"2019-12-10T04:12:34","slug":"elmar-m%c9%99mm%c9%99dyarov-pakistanin-az%c9%99rbaycandaki-s%c9%99firi-il%c9%99-gorusub","status":"publish","type":"post","link":"https:\/\/hakimiyyet.info.az\/?p=9831","title":{"rendered":"Elmar M\u0259mm\u0259dyarov Pakistan\u0131n Az\u0259rbaycandak\u0131 s\u0259firi il\u0259 g\u00f6r\u00fc\u015f\u00fcb"},"content":{"rendered":"<p>Xarici \u0130\u015fl\u0259r naziri Elmar M\u0259mm\u0259dyarov Pakistan \u0130slam Respublikas\u0131n\u0131n Az\u0259rbaycan Respublikas\u0131ndak\u0131 s\u0259firi S\u0259id Xan Mohmand\u0131 diplomatik f\u0259aliyy\u0259tinin ba\u015fa \u00e7atmas\u0131 m\u00fcnasib\u0259til\u0259 q\u0259bul edib.<\/p>\n<p>X\u0130N-d\u0259n\u00a0<a href=\"https:\/\/apa.az\/\" target=\"_blank\" rel=\"noopener noreferrer\">APA<\/a>-ya veril\u0259n m\u0259lumata g\u00f6r\u0259, g\u00f6r\u00fc\u015fd\u0259 s\u0259fir S\u0259id Xan Mohmand \u00f6lk\u0259mizd\u0259ki diplomatik f\u0259aliyy\u0259ti m\u00fcdd\u0259tind\u0259 ona g\u00f6st\u0259ril\u0259n d\u0259st\u0259y\u0259 g\u00f6r\u0259 t\u0259\u015f\u0259kk\u00fcr\u00fcn\u00fc bildirib.<\/p>\n<p>T\u0259r\u0259fl\u0259r iki \u00f6lk\u0259 aras\u0131nda ikit\u0259r\u0259fli m\u00fcnasib\u0259tl\u0259rin haz\u0131rk\u0131 durumu, \u0259m\u0259kda\u015fl\u0131\u011f\u0131n cari inki\u015faf s\u0259viyy\u0259si v\u0259 perspektivl\u0259ri bar\u0259sind\u0259 fikir m\u00fcbadil\u0259si apar\u0131blar. Az\u0259rbaycan il\u0259 Pakistan aras\u0131nda \u0259n\u0259n\u0259vi \u0259m\u0259kda\u015fl\u0131q sah\u0259l\u0259rind\u0259 m\u00fcsb\u0259t dinamikan\u0131n t\u0259\u015fviq edilm\u0259sinin vacibliyi, habel\u0259 turizm, tranzit d\u0259hlizl\u0259ri v\u0259 s. istiqam\u0259tl\u0259r \u00fczr\u0259 z\u0259ngin potensial\u0131n m\u00f6vcud olmas\u0131 qeyd edilib. \u0130kit\u0259r\u0259fli \u0259laq\u0259l\u0259rin daha da inki\u015faf etdirilm\u0259sind\u0259 y\u00fcks\u0259k s\u0259viyy\u0259li s\u0259f\u0259rl\u0259rin h\u0259yata ke\u00e7irilm\u0259si v\u0259 H\u00f6kum\u0259tl\u0259raras\u0131 Komissiyan\u0131n f\u0259aliyy\u0259tinin x\u00fcsusi rol oynad\u0131\u011f\u0131 bar\u0259d\u0259 \u00fcmumi q\u0259na\u0259t\u0259 g\u0259linib.<\/p>\n<p>Nazir Elmar M\u0259mm\u0259dyarov ikit\u0259r\u0259fli \u0259laq\u0259l\u0259rin inki\u015faf\u0131n\u0131n u\u011furla davam etdiyini vur\u011fulay\u0131b. O, Erm\u0259nistan-Az\u0259rbaycan Da\u011fl\u0131q Qaraba\u011f m\u00fcnaqi\u015f\u0259sinin h\u0259lli istiqam\u0259tind\u0259ki beyn\u0259lxalq s\u0259yl\u0259r kontekstind\u0259 Pakistan\u0131n \u0259n\u0259n\u0259vi olaraq Az\u0259rbaycana g\u00f6st\u0259rdiyi m\u00f6hk\u0259m d\u0259st\u0259yin iki dost \u00f6lk\u0259 aras\u0131nda olan h\u0259mr\u0259yliyin bariz n\u00fcmun\u0259si kimi qeyd edib.<\/p>\n<p>Pakistan s\u0259firi, \u00f6z t\u0259r\u0259find\u0259n, Az\u0259rbaycan\u0131n onun t\u0259msil etdiyi \u00f6lk\u0259y\u0259 verdiyi d\u0259st\u0259yi v\u0259 g\u00f6st\u0259rdiyi s\u0259mimi m\u00fcnasib\u0259ti x\u00fcsusi minn\u0259tdarl\u0131qla yada sal\u0131b.<\/p>\n<p>Bu x\u00fcsusda, t\u0259r\u0259fl\u0259r BMT T\u0259hl\u00fck\u0259sizlik \u015euras\u0131n\u0131n q\u0259bul etdiyi q\u0259tnam\u0259l\u0259rin yerin\u0259 yetirilm\u0259sinin vacibliyini m\u00fcnaqi\u015f\u0259l\u0259rin nizama sal\u0131nmas\u0131 \u00fc\u00e7\u00fcn m\u00fcst\u0259sna \u0259h\u0259miyy\u0259t\u0259 malik oldu\u011funu bildiribl\u0259r.<\/p>\n<p>G\u00f6r\u00fc\u015fd\u0259, h\u0259m\u00e7inin t\u0259r\u0259fl\u0259r aras\u0131nda qar\u015f\u0131l\u0131ql\u0131 maraq do\u011furan dig\u0259r regional v\u0259 beyn\u0259lxalq m\u0259s\u0259l\u0259l\u0259ri \u00fczr\u0259 fikir m\u00fcbadil\u0259si apar\u0131l\u0131b.<\/p>\n<p>Elmar M\u0259mm\u0259dyarov s\u0259fir S\u0259id Xan Mohmand\u0131n ikit\u0259r\u0259fli m\u00fcnasib\u0259tl\u0259rin inki\u015faf\u0131 istiqam\u0259tind\u0259ki s\u0259yl\u0259rini y\u00fcks\u0259k qiym\u0259tl\u0259ndirdi v\u0259 ona u\u011furlar arzu edib.<\/p>\n","protected":false},"excerpt":{"rendered":"<p>Xarici \u0130\u015fl\u0259r naziri Elmar M\u0259mm\u0259dyarov Pakistan \u0130slam Respublikas\u0131n\u0131n Az\u0259rbaycan Respublikas\u0131ndak\u0131 s\u0259firi S\u0259id Xan Mohmand\u0131 diplomatik f\u0259aliyy\u0259tinin ba\u015fa \u00e7atmas\u0131 m\u00fcnasib\u0259til\u0259 q\u0259bul&hellip;<\/p>\n","protected":false},"author":1,"featured_media":0,"comment_status":"closed","ping_status":"closed","sticky":false,"template":"","format":"standard","meta":{"om_disable_all_campaigns":false,"_monsterinsights_skip_tracking":false,"_uf_show_specific_survey":0,"_uf_disable_surveys":false,"footnotes":""},"categories":[23,7,5],"tags":[],"aioseo_notices":[],"_links":{"self":[{"href":"https:\/\/hakimiyyet.info.az\/index.php?rest_route=\/wp\/v2\/posts\/9831"}],"collection":[{"href":"https:\/\/hakimiyyet.info.az\/index.php?rest_route=\/wp\/v2\/posts"}],"about":[{"href":"https:\/\/hakimiyyet.info.az\/index.php?rest_route=\/wp\/v2\/types\/post"}],"author":[{"embeddable":true,"href":"https:\/\/hakimiyyet.info.az\/index.php?rest_route=\/wp\/v2\/users\/1"}],"replies":[{"embeddable":true,"href":"https:\/\/hakimiyyet.info.az\/index.php?rest_route=%2Fwp%2Fv2%2Fcomments&post=9831"}],"version-history":[{"count":1,"href":"https:\/\/hakimiyyet.info.az\/index.php?rest_route=\/wp\/v2\/posts\/9831\/revisions"}],"predecessor-version":[{"id":9832,"href":"https:\/\/hakimiyyet.info.az\/index.php?rest_route=\/wp\/v2\/posts\/9831\/revisions\/9832"}],"wp:attachment":[{"href":"https:\/\/hakimiyyet.info.az\/index.php?rest_route=%2Fwp%2Fv2%2Fmedia&parent=9831"}],"wp:term":[{"taxonomy":"category","embeddable":true,"href":"https:\/\/hakimiyyet.info.az\/index.php?rest_route=%2Fwp%2Fv2%2Fcategories&post=9831"},{"taxonomy":"post_tag","embeddable":true,"href":"https:\/\/hakimiyyet.info.az\/index.php?rest_route=%2Fwp%2Fv2%2Ftags&post=9831"}],"curies":[{"name":"wp","href":"https:\/\/api.w.org\/{rel}","templated":true}]}}