{"id":9897,"date":"2019-12-11T10:37:13","date_gmt":"2019-12-11T06:37:13","guid":{"rendered":"https:\/\/www.hakimiyyet.com\/?p=9897"},"modified":"2019-12-11T10:37:13","modified_gmt":"2019-12-11T06:37:13","slug":"az%c9%99rbaycanda-turizm-haqqinda-qanuna-d%c9%99yisiklikl%c9%99r-edil%c9%99-bil%c9%99r","status":"publish","type":"post","link":"https:\/\/hakimiyyet.info.az\/?p=9897","title":{"rendered":"Az\u0259rbaycanda &#8220;Turizm haqq\u0131nda&#8221; qanuna d\u0259yi\u015fiklikl\u0259r edil\u0259 bil\u0259r"},"content":{"rendered":"<p style=\"font-weight: 400;\"><span style=\"font-style: inherit; font-weight: inherit;\">Az\u0259rbaycanda &#8220;Turizm haqq\u0131nda&#8221; qanuna v\u0259 Vergi M\u0259c\u0259ll\u0259sin\u0259 m\u00fcvafiq d\u0259yi\u015fiklikl\u0259rin edilm\u0259si il\u0259 ba\u011fl\u0131 t\u0259klifl\u0259r haz\u0131rlan\u0131r.<\/span><\/p>\n<p style=\"font-weight: 400;\"><span style=\"font-style: inherit; font-weight: inherit;\">Bunu &#8220;<a href=\"https:\/\/apa.az\/\">APA<\/a>-Economics&#8221;\u0259\u00a0\u00a0Az\u0259rbaycan D\u00f6vl\u0259t Turizm Agentliyinin s\u0259dri Fuad Na\u011f\u0131yev deyib.<\/span><\/p>\n<p style=\"font-weight: 400;\"><span style=\"font-style: inherit; font-weight: inherit;\">Onun s\u00f6zl\u0259rin\u0259 g\u00f6r\u0259, bu istiqam\u0259td\u0259 haz\u0131rda d\u00f6vl\u0259t qurumlar\u0131 il\u0259 m\u00fczakir\u0259l\u0259r apar\u0131l\u0131r.<\/span><\/p>\n<p style=\"font-weight: 400;\"><span style=\"font-style: inherit; font-weight: inherit;\">&#8220;M\u0259s\u0259l\u0259n, m\u00fczakir\u0259 olunan m\u0259s\u0259l\u0259l\u0259rd\u0259n biri \u00f6lk\u0259d\u0259 g\u00f6st\u0259ril\u0259n turizm xidm\u0259tl\u0259rinin qiym\u0259tl\u0259rinin optimalla\u015fd\u0131r\u0131lmas\u0131 \u00fc\u00e7\u00fcn m\u00f6vcud bazar iqtisadiyyat\u0131 \u015f\u0259raitind\u0259 \u015firk\u0259tl\u0259r aras\u0131ndak\u0131 r\u0259qab\u0259t m\u00fchitini pozmadan m\u00fc\u0259yy\u0259n mexanizml\u0259rin haz\u0131rlanmas\u0131d\u0131r. \u018flb\u0259tt\u0259, qiym\u0259tl\u0259rin daha m\u00fcnasib olmas\u0131 birm\u0259nal\u0131 olaraq r\u0259qab\u0259t m\u00fchitinin olmas\u0131d\u0131r v\u0259 bunu n\u0259z\u0259r\u0259 alaraq hesab edir\u0259m ki, hotell\u0259rin v\u0259 turizm obyektl\u0259rinin say\u0131n\u0131n art\u0131r\u0131lmas\u0131 istiqam\u0259tind\u0259 m\u00fc\u0259yy\u0259n i\u015fl\u0259r g\u00f6r\u00fclm\u0259lidir. Haz\u0131rda bu sah\u0259y\u0259 daha \u00e7ox investisiyan\u0131n c\u0259lb edilm\u0259si istiqam\u0259tind\u0259 \u0130qtisadiyyat Nazirliyi il\u0259 birg\u0259 i\u015fl\u0259r h\u0259yata ke\u00e7iririk&#8221;, &#8211; dey\u0259 F. Na\u011f\u0131yev qeyd edib.<\/span><\/p>\n<p style=\"font-weight: 400;\"><span style=\"font-style: inherit; font-weight: inherit;\">Agentliyinin s\u0259dri \u00f6lk\u0259d\u0259 turizm reyestrinin yarad\u0131lmas\u0131 istiqam\u0259tind\u0259 apar\u0131lan i\u015fl\u0259r\u0259 toxunaraq bildirib ki, i\u015fl\u0259r tamamlanmaq \u00fczr\u0259dir v\u0259 reyestr yax\u0131n vaxtlarda istifad\u0259y\u0259 veril\u0259c\u0259k. Reyestrd\u0259 h\u0259m hotell\u0259r, h\u0259m d\u0259 turizm sah\u0259sind\u0259 g\u00f6st\u0259ril\u0259n xidm\u0259tl\u0259rl\u0259 ba\u011fl\u0131 m\u0259lumatlar \u0259ks olunacaq.<\/span><\/p>\n","protected":false},"excerpt":{"rendered":"<p>Az\u0259rbaycanda &#8220;Turizm haqq\u0131nda&#8221; qanuna v\u0259 Vergi M\u0259c\u0259ll\u0259sin\u0259 m\u00fcvafiq d\u0259yi\u015fiklikl\u0259rin edilm\u0259si il\u0259 ba\u011fl\u0131 t\u0259klifl\u0259r haz\u0131rlan\u0131r. Bunu &#8220;APA-Economics&#8221;\u0259\u00a0\u00a0Az\u0259rbaycan D\u00f6vl\u0259t Turizm Agentliyinin s\u0259dri&hellip;<\/p>\n","protected":false},"author":1,"featured_media":0,"comment_status":"closed","ping_status":"closed","sticky":false,"template":"","format":"standard","meta":{"om_disable_all_campaigns":false,"_monsterinsights_skip_tracking":false,"_uf_show_specific_survey":0,"_uf_disable_surveys":false,"footnotes":""},"categories":[6,5],"tags":[],"aioseo_notices":[],"_links":{"self":[{"href":"https:\/\/hakimiyyet.info.az\/index.php?rest_route=\/wp\/v2\/posts\/9897"}],"collection":[{"href":"https:\/\/hakimiyyet.info.az\/index.php?rest_route=\/wp\/v2\/posts"}],"about":[{"href":"https:\/\/hakimiyyet.info.az\/index.php?rest_route=\/wp\/v2\/types\/post"}],"author":[{"embeddable":true,"href":"https:\/\/hakimiyyet.info.az\/index.php?rest_route=\/wp\/v2\/users\/1"}],"replies":[{"embeddable":true,"href":"https:\/\/hakimiyyet.info.az\/index.php?rest_route=%2Fwp%2Fv2%2Fcomments&post=9897"}],"version-history":[{"count":1,"href":"https:\/\/hakimiyyet.info.az\/index.php?rest_route=\/wp\/v2\/posts\/9897\/revisions"}],"predecessor-version":[{"id":9898,"href":"https:\/\/hakimiyyet.info.az\/index.php?rest_route=\/wp\/v2\/posts\/9897\/revisions\/9898"}],"wp:attachment":[{"href":"https:\/\/hakimiyyet.info.az\/index.php?rest_route=%2Fwp%2Fv2%2Fmedia&parent=9897"}],"wp:term":[{"taxonomy":"category","embeddable":true,"href":"https:\/\/hakimiyyet.info.az\/index.php?rest_route=%2Fwp%2Fv2%2Fcategories&post=9897"},{"taxonomy":"post_tag","embeddable":true,"href":"https:\/\/hakimiyyet.info.az\/index.php?rest_route=%2Fwp%2Fv2%2Ftags&post=9897"}],"curies":[{"name":"wp","href":"https:\/\/api.w.org\/{rel}","templated":true}]}}