{"id":9903,"date":"2019-12-11T10:41:06","date_gmt":"2019-12-11T06:41:06","guid":{"rendered":"https:\/\/www.hakimiyyet.com\/?p=9903"},"modified":"2019-12-11T10:41:06","modified_gmt":"2019-12-11T06:41:06","slug":"naxcivan-muxtar-respublikasi-ali-m%c9%99clisind%c9%99-gorus","status":"publish","type":"post","link":"https:\/\/hakimiyyet.info.az\/?p=9903","title":{"rendered":"Nax\u00e7\u0131van Muxtar Respublikas\u0131 Ali M\u0259clisind\u0259 g\u00f6r\u00fc\u015f"},"content":{"rendered":"<p>Dekabr\u0131n 10-da Nax\u00e7\u0131van Muxtar Respublikas\u0131 Ali M\u0259clisinin S\u0259dri Vasif Tal\u0131bov Qazax\u0131stan Respublikas\u0131n\u0131n \u00f6lk\u0259mizd\u0259ki f\u00f6vq\u0259lad\u0259 v\u0259 s\u0259lahiyy\u0259tli s\u0259firi Serjan Abd\u0131karimov il\u0259 g\u00f6r\u00fc\u015f\u00fcb.<\/p>\n<p>Nax\u00e7\u0131van Muxtar Respublikas\u0131 Ali M\u0259clisinin m\u0259tbuat xidm\u0259tind\u0259n\u00a0<a class=\"azertac-link\" href=\"https:\/\/azertag.az\/\" target=\"_blank\" rel=\"noopener noreferrer\">AZ\u018fRTAC<\/a>-a bildirilib ki, Ali M\u0259clisin S\u0259dri qona\u011f\u0131 salamlay\u0131b, onu s\u0259fir t\u0259yin olunmas\u0131 m\u00fcnasib\u0259til\u0259 t\u0259brik edib.<\/p>\n<p>Nax\u00e7\u0131van\u0131n \u0259razisi, \u0259halisi, ke\u00e7diyi inki\u015faf yolu bar\u0259d\u0259 m\u0259lumat ver\u0259n Ali M\u0259clisin S\u0259dri muxtar respublika iqtisadiyyat\u0131n\u0131n m\u00fcxt\u0259lif sah\u0259l\u0259rinin inki\u015faf etdiyini diqq\u0259t\u0259 \u00e7atd\u0131r\u0131b. Qeyd olunub ki, muxtar respublika \u00f6z\u00fcn\u00fc \u0259sas \u0259rzaq v\u0259 s\u0259naye m\u0259hsullar\u0131 il\u0259 t\u0259min edir v\u0259 ixrac imkanlar\u0131na malikdir.<\/p>\n<p>S\u0259fir Serjan Abd\u0131karimov s\u0259mimi g\u00f6r\u00fc\u015f\u0259 g\u00f6r\u0259 minn\u0259tdarl\u0131q edib. Az\u0259rbaycanda diplomatik f\u0259aliyy\u0259t\u0259 ba\u015flamas\u0131 v\u0259 Nax\u00e7\u0131vana s\u0259f\u0259rind\u0259n m\u0259mnunlu\u011funu bildir\u0259n qonaq Qazax\u0131stan v\u0259 Az\u0259rbaycan aras\u0131ndak\u0131 m\u00f6vcud \u0259laq\u0259l\u0259rd\u0259n dan\u0131\u015f\u0131b. Nax\u00e7\u0131van Muxtar Respublikas\u0131 il\u0259 \u0259laq\u0259l\u0259rin inki\u015faf\u0131na m\u00fch\u00fcm \u0259h\u0259miyy\u0259t verdikl\u0259rini bildir\u0259n diplomat bu sah\u0259d\u0259 s\u0259yl\u0259rin art\u0131r\u0131laca\u011f\u0131n\u0131 qeyd edib.<\/p>\n","protected":false},"excerpt":{"rendered":"<p>Dekabr\u0131n 10-da Nax\u00e7\u0131van Muxtar Respublikas\u0131 Ali M\u0259clisinin S\u0259dri Vasif Tal\u0131bov Qazax\u0131stan Respublikas\u0131n\u0131n \u00f6lk\u0259mizd\u0259ki f\u00f6vq\u0259lad\u0259 v\u0259 s\u0259lahiyy\u0259tli s\u0259firi Serjan Abd\u0131karimov il\u0259&hellip;<\/p>\n","protected":false},"author":1,"featured_media":0,"comment_status":"closed","ping_status":"closed","sticky":false,"template":"","format":"standard","meta":{"om_disable_all_campaigns":false,"_monsterinsights_skip_tracking":false,"_uf_show_specific_survey":0,"_uf_disable_surveys":false,"footnotes":""},"categories":[23,7,5],"tags":[],"aioseo_notices":[],"_links":{"self":[{"href":"https:\/\/hakimiyyet.info.az\/index.php?rest_route=\/wp\/v2\/posts\/9903"}],"collection":[{"href":"https:\/\/hakimiyyet.info.az\/index.php?rest_route=\/wp\/v2\/posts"}],"about":[{"href":"https:\/\/hakimiyyet.info.az\/index.php?rest_route=\/wp\/v2\/types\/post"}],"author":[{"embeddable":true,"href":"https:\/\/hakimiyyet.info.az\/index.php?rest_route=\/wp\/v2\/users\/1"}],"replies":[{"embeddable":true,"href":"https:\/\/hakimiyyet.info.az\/index.php?rest_route=%2Fwp%2Fv2%2Fcomments&post=9903"}],"version-history":[{"count":1,"href":"https:\/\/hakimiyyet.info.az\/index.php?rest_route=\/wp\/v2\/posts\/9903\/revisions"}],"predecessor-version":[{"id":9904,"href":"https:\/\/hakimiyyet.info.az\/index.php?rest_route=\/wp\/v2\/posts\/9903\/revisions\/9904"}],"wp:attachment":[{"href":"https:\/\/hakimiyyet.info.az\/index.php?rest_route=%2Fwp%2Fv2%2Fmedia&parent=9903"}],"wp:term":[{"taxonomy":"category","embeddable":true,"href":"https:\/\/hakimiyyet.info.az\/index.php?rest_route=%2Fwp%2Fv2%2Fcategories&post=9903"},{"taxonomy":"post_tag","embeddable":true,"href":"https:\/\/hakimiyyet.info.az\/index.php?rest_route=%2Fwp%2Fv2%2Ftags&post=9903"}],"curies":[{"name":"wp","href":"https:\/\/api.w.org\/{rel}","templated":true}]}}