{"id":9911,"date":"2019-12-11T10:45:08","date_gmt":"2019-12-11T06:45:08","guid":{"rendered":"https:\/\/www.hakimiyyet.com\/?p=9911"},"modified":"2019-12-11T10:45:08","modified_gmt":"2019-12-11T06:45:08","slug":"az%c9%99rbaycanli-h%c9%99kim-dunyanin-alti-nevroloqundan-biri-secildi","status":"publish","type":"post","link":"https:\/\/hakimiyyet.info.az\/?p=9911","title":{"rendered":"Az\u0259rbaycanl\u0131 h\u0259kim d\u00fcnyan\u0131n alt\u0131 nevroloqundan biri se\u00e7ildi"},"content":{"rendered":"<p>Danimarkada Lundbek\u00a0Fondu d\u00fcnyan\u0131n apar\u0131c\u0131 alt\u0131\u00a0neyrobioloquna \u00fcmumilikd\u0259 232 milyon Danimarka kronu (30 milyon avro) qrant ay\u0131r\u0131b. Onlar\u0131n aras\u0131nda az\u0259rbaycanl\u0131 M\u0259sud A\u015fina da var. Bu m\u00fckafat alt\u0131 alim aras\u0131nda m\u00fcvafiq olaraq b\u00f6l\u00fcn\u0259c\u0259k.<\/p>\n<p><strong>Oxu.Az<\/strong>\u00a0x\u0259b\u0259r verir ki, fondun qrant ay\u0131rmaqdak\u0131 \u0259sas m\u0259qs\u0259dini beynin\u00a0\u0259n m\u00fcr\u0259kk\u0259b orqan olmas\u0131 il\u0259 izah edib.<\/p>\n<p>\u201cBeyin bizim \u0259traf m\u00fchitl\u0259 olan m\u00fcnasib\u0259tl\u0259rimizi t\u0259nziml\u0259yir, h\u0259m\u00e7inin, psixoloji kimliyimizin m\u0259rk\u0259zidir\u201d, &#8211; dey\u0259 Lundbek Fondunun ara\u015fd\u0131rmalar \u00fczr\u0259 direktoru Yan Eqebyerq bildirib.<\/p>\n<div id=\"AdviadNativeVideo0\" class=\"AdviadNativeVideo\"><\/div>\n<p>Qeyd ed\u0259k ki, M\u0259sud A\u015fina Kopenhagen Universitetinin nevrologiya \u00fczr\u0259 professoru v\u0259 ba\u015f m\u0259sl\u0259h\u0259t\u00e7isi, Beyn\u0259lxalq Ba\u015f a\u011fr\u0131lar\u0131 C\u0259miyy\u0259tinin r\u0259hb\u0259ri v\u0259 \u0130nsan Miqreni Ara\u015fd\u0131rma Birliyinin direktorudur.<\/p>\n<p>Onun t\u0259dqiqat\u0131n\u0131n bir hiss\u0259si miqren \u00fc\u00e7\u00fcn yeni m\u00fcalic\u0259 \u00fcsullar\u0131n\u0131 t\u0259yin etm\u0259y\u0259, h\u0259m\u00e7inin, ba\u015f a\u011fr\u0131s\u0131 tutmalar\u0131n\u0131 t\u0259tikl\u0259y\u0259n prosesl\u0259ri izl\u0259m\u0259y\u0259, x\u0259st\u0259l\u0259rd\u0259 miqren meydana g\u0259tir\u0259n s\u0259b\u0259bl\u0259ri m\u00fc\u0259yy\u0259n etm\u0259y\u0259 y\u00f6n\u0259lib.<\/p>\n<p>M\u0259sud A\u015fina 1965-ci ild\u0259 Bak\u0131da anadan olub. 1982-ci ild\u0259 Az\u0259rbaycan Tibb \u0130nstitutunun m\u00fcalic\u0259-profilaktika fak\u00fclt\u0259sin\u0259 daxil olub, 1988-ci ild\u0259 oran\u0131 bitirdikd\u0259n sonra t\u0259cili yard\u0131m \u00fc\u00e7\u00fcn internatura ke\u00e7ib\u00a0v\u0259 1989-cu ild\u0259 16 ya\u015f\u0131 olan qarda\u015f\u0131 S\u0259idl\u0259 birlikd\u0259 Danimarkaya m\u00fchacir\u0259t edib.<\/p>\n<p>Kopenhagend\u0259 t\u0259krarlanan bir il yar\u0131ml\u0131q t\u0259cr\u00fcb\u0259d\u0259n sonra M\u0259sud A\u015fina h\u0259yat\u0131n\u0131n n\u00f6vb\u0259ti be\u015f ilind\u0259 elml\u0259 yax\u0131ndan m\u0259\u015f\u011ful olub. N\u0259tic\u0259d\u0259 2000-ci ild\u0259 namiz\u0259dlik dissertasiyas\u0131 m\u00fcdafi\u0259 edib v\u0259 2003-c\u00fc ild\u0259 doktorluq d\u0259r\u0259c\u0259sini al\u0131b.<\/p>\n<p>2006-c\u0131 ild\u0259 Kopenhagen Universitetind\u0259 nevrologiya kafedras\u0131n\u0131n dosenti olub v\u0259 universitet klinikas\u0131nda i\u015fl\u0259m\u0259y\u0259 ba\u015flay\u0131b. 2014-c\u00fc ild\u0259 Danimarka Milli X\u0259st\u0259xanas\u0131nda v\u0259 Kopenhagen Universitetind\u0259 Nevrologiya professoru ad\u0131n\u0131 al\u0131b.<\/p>\n<p>2017-ci ild\u0259 Beyn\u0259lxalq Ba\u015f A\u011fr\u0131s\u0131 C\u0259miyy\u0259tinin (International Headache Society) n\u00f6vb\u0259ti prezidenti se\u00e7ilib. \u201cMigrenin patofiziologiyas\u0131\u201d\u00a0kitab\u0131n\u0131n v\u0259 beyn\u0259lxalq tibbi n\u0259\u015frl\u0259rd\u0259 ba\u015f a\u011fr\u0131s\u0131 v\u0259 miqrenl\u0259r\u0259 dair 400-d\u0259n \u00e7ox m\u0259qal\u0259nin m\u00fc\u0259llifidir.<\/p>\n","protected":false},"excerpt":{"rendered":"<p>Danimarkada Lundbek\u00a0Fondu d\u00fcnyan\u0131n apar\u0131c\u0131 alt\u0131\u00a0neyrobioloquna \u00fcmumilikd\u0259 232 milyon Danimarka kronu (30 milyon avro) qrant ay\u0131r\u0131b. Onlar\u0131n aras\u0131nda az\u0259rbaycanl\u0131 M\u0259sud A\u015fina&hellip;<\/p>\n","protected":false},"author":1,"featured_media":0,"comment_status":"closed","ping_status":"closed","sticky":false,"template":"","format":"standard","meta":{"om_disable_all_campaigns":false,"_monsterinsights_skip_tracking":false,"_uf_show_specific_survey":0,"_uf_disable_surveys":false,"footnotes":""},"categories":[2],"tags":[],"aioseo_notices":[],"_links":{"self":[{"href":"https:\/\/hakimiyyet.info.az\/index.php?rest_route=\/wp\/v2\/posts\/9911"}],"collection":[{"href":"https:\/\/hakimiyyet.info.az\/index.php?rest_route=\/wp\/v2\/posts"}],"about":[{"href":"https:\/\/hakimiyyet.info.az\/index.php?rest_route=\/wp\/v2\/types\/post"}],"author":[{"embeddable":true,"href":"https:\/\/hakimiyyet.info.az\/index.php?rest_route=\/wp\/v2\/users\/1"}],"replies":[{"embeddable":true,"href":"https:\/\/hakimiyyet.info.az\/index.php?rest_route=%2Fwp%2Fv2%2Fcomments&post=9911"}],"version-history":[{"count":1,"href":"https:\/\/hakimiyyet.info.az\/index.php?rest_route=\/wp\/v2\/posts\/9911\/revisions"}],"predecessor-version":[{"id":9912,"href":"https:\/\/hakimiyyet.info.az\/index.php?rest_route=\/wp\/v2\/posts\/9911\/revisions\/9912"}],"wp:attachment":[{"href":"https:\/\/hakimiyyet.info.az\/index.php?rest_route=%2Fwp%2Fv2%2Fmedia&parent=9911"}],"wp:term":[{"taxonomy":"category","embeddable":true,"href":"https:\/\/hakimiyyet.info.az\/index.php?rest_route=%2Fwp%2Fv2%2Fcategories&post=9911"},{"taxonomy":"post_tag","embeddable":true,"href":"https:\/\/hakimiyyet.info.az\/index.php?rest_route=%2Fwp%2Fv2%2Ftags&post=9911"}],"curies":[{"name":"wp","href":"https:\/\/api.w.org\/{rel}","templated":true}]}}