{"id":9985,"date":"2019-12-13T13:37:56","date_gmt":"2019-12-13T09:37:56","guid":{"rendered":"https:\/\/www.hakimiyyet.com\/?p=9985"},"modified":"2019-12-13T13:38:31","modified_gmt":"2019-12-13T09:38:31","slug":"putin-alti-n%c9%99f%c9%99rin-musayi%c9%99ti-il%c9%99-tualet%c9%99-getdi","status":"publish","type":"post","link":"https:\/\/hakimiyyet.info.az\/?p=9985","title":{"rendered":"Putin alt\u0131 n\u0259f\u0259rin m\u00fc\u015fayi\u0259ti il\u0259 tualet\u0259 getdi"},"content":{"rendered":"<p>Rusiya Prezidenti Vladimir Putin Yelisey saray\u0131nda ke\u00e7irilmi\u015f Ukrayna il\u0259 ba\u011fl\u0131 sammitd\u0259 \u00f6z\u00fcn\u00fc tam olaraq t\u0259hl\u00fck\u0259sizlikd\u0259 hiss etm\u0259yib.<\/p>\n<p><b>B<\/b>u bar\u0259d\u0259 Almaniyan\u0131n \u201cBild\u201d n\u0259\u015fri yaz\u0131b.<\/p>\n<p>\u201c\u018fvv\u0259lc\u0259 videoda g\u00f6r\u00fcnd\u00fcy\u00fc kimi, Putin alt\u0131 n\u0259f\u0259rin m\u00fc\u015fayi\u0259ti il\u0259 saray\u0131n tualetin\u0259 girdi. Sonra Putin silahl\u0131 cang\u00fcd\u0259ni il\u0259 iclas ota\u011f\u0131nda g\u00f6r\u00fcnd\u00fc\u201d, &#8211; dey\u0259 bildirilib.<\/p>\n<div id=\"AdviadNativeVideo0\" class=\"AdviadNativeVideo\"><\/div>\n<p>Almaniyan\u0131n x\u00fcsusi xidm\u0259t orqanlar\u0131n\u0131n ke\u00e7mi\u015f r\u0259hb\u0259rl\u0259rind\u0259n biri \u201cBild\u201d\u0259 deyib ki, dan\u0131\u015f\u0131qlar zaman\u0131 zalda silahl\u0131 bir insan\u0131n olmas\u0131 a\u00e7\u0131q \u015f\u0259kild\u0259 t\u0259xribat v\u0259 t\u0259hdiddir.<\/p>\n<p>Qeyd ed\u0259k ki, dekabr\u0131n 9-da Parisd\u0259 \u015e\u0259rqi Ukraynadak\u0131 v\u0259ziyy\u0259ti h\u0259ll etm\u0259k \u00fc\u00e7\u00fcn \u201cNormandiya format\u0131\u201d sammitind\u0259 d\u00f6rd \u00f6lk\u0259nin &#8211; Almaniya, Rusiya, Ukrayna v\u0259 Fransa liderl\u0259rinin g\u00f6r\u00fc\u015f\u00fc ke\u00e7irilib.<\/p>\n<div><iframe loading=\"lazy\" src=\"https:\/\/player.baku.tv\/embed\/11876\" width=\"560\" height=\"315\" frameborder=\"0\" allowfullscreen=\"allowfullscreen\" data-mce-fragment=\"1\"><\/iframe><\/div>\n<p>&nbsp;<\/p>\n","protected":false},"excerpt":{"rendered":"<p>Rusiya Prezidenti Vladimir Putin Yelisey saray\u0131nda ke\u00e7irilmi\u015f Ukrayna il\u0259 ba\u011fl\u0131 sammitd\u0259 \u00f6z\u00fcn\u00fc tam olaraq t\u0259hl\u00fck\u0259sizlikd\u0259 hiss etm\u0259yib. Bu bar\u0259d\u0259 Almaniyan\u0131n&hellip;<\/p>\n","protected":false},"author":1,"featured_media":0,"comment_status":"closed","ping_status":"closed","sticky":false,"template":"","format":"standard","meta":{"om_disable_all_campaigns":false,"_monsterinsights_skip_tracking":false,"_uf_show_specific_survey":0,"_uf_disable_surveys":false,"footnotes":""},"categories":[20],"tags":[],"aioseo_notices":[],"_links":{"self":[{"href":"https:\/\/hakimiyyet.info.az\/index.php?rest_route=\/wp\/v2\/posts\/9985"}],"collection":[{"href":"https:\/\/hakimiyyet.info.az\/index.php?rest_route=\/wp\/v2\/posts"}],"about":[{"href":"https:\/\/hakimiyyet.info.az\/index.php?rest_route=\/wp\/v2\/types\/post"}],"author":[{"embeddable":true,"href":"https:\/\/hakimiyyet.info.az\/index.php?rest_route=\/wp\/v2\/users\/1"}],"replies":[{"embeddable":true,"href":"https:\/\/hakimiyyet.info.az\/index.php?rest_route=%2Fwp%2Fv2%2Fcomments&post=9985"}],"version-history":[{"count":2,"href":"https:\/\/hakimiyyet.info.az\/index.php?rest_route=\/wp\/v2\/posts\/9985\/revisions"}],"predecessor-version":[{"id":9987,"href":"https:\/\/hakimiyyet.info.az\/index.php?rest_route=\/wp\/v2\/posts\/9985\/revisions\/9987"}],"wp:attachment":[{"href":"https:\/\/hakimiyyet.info.az\/index.php?rest_route=%2Fwp%2Fv2%2Fmedia&parent=9985"}],"wp:term":[{"taxonomy":"category","embeddable":true,"href":"https:\/\/hakimiyyet.info.az\/index.php?rest_route=%2Fwp%2Fv2%2Fcategories&post=9985"},{"taxonomy":"post_tag","embeddable":true,"href":"https:\/\/hakimiyyet.info.az\/index.php?rest_route=%2Fwp%2Fv2%2Ftags&post=9985"}],"curies":[{"name":"wp","href":"https:\/\/api.w.org\/{rel}","templated":true}]}}