{"id":9996,"date":"2019-12-13T13:46:52","date_gmt":"2019-12-13T09:46:52","guid":{"rendered":"https:\/\/www.hakimiyyet.com\/?p=9996"},"modified":"2019-12-13T13:46:52","modified_gmt":"2019-12-13T09:46:52","slug":"%c9%99lill%c9%99r%c9%99-50-avtomobil-t%c9%99qdim-edilib","status":"publish","type":"post","link":"https:\/\/hakimiyyet.info.az\/?p=9996","title":{"rendered":"\u018flill\u0259r\u0259 50 avtomobil t\u0259qdim edilib"},"content":{"rendered":"<p>\u018fm\u0259k v\u0259 \u018fhalinin Sosial M\u00fcdafi\u0259si Nazirliyi daha 50 avtomobili \u0130kinci D\u00fcnya m\u00fcharib\u0259si \u0259lill\u0259rin\u0259, h\u0259rbi xidm\u0259t v\u0259zif\u0259l\u0259rini yerin\u0259 yetirm\u0259kl\u0259 v\u0259 \u00c7ernob\u0131l AES-d\u0259 h\u0259rbi xidm\u0259tl\u0259 \u0259laq\u0259dar \u0259lilliyi olan \u015f\u0259xsl\u0259r\u0259 t\u0259qdim edib.\u00a0<a href=\"http:\/\/sia.az\/\" target=\"_blank\" rel=\"noopener noreferrer\">S\u0130A<\/a>\u00a0x\u0259b\u0259r verir ki, t\u0259dbird\u0259 \u018fm\u0259k v\u0259 \u018fhalinin Sosial M\u00fcdafi\u0259si Nazirliyi yan\u0131nda D\u00f6vl\u0259t Sosial M\u00fcdafi\u0259 Fondunun direktoru Himalay M\u0259mi\u015fov 2019-cu ild\u0259 \u00f6lk\u0259mizd\u0259 sosial sah\u0259d\u0259 inqilabi add\u0131mlar at\u0131ld\u0131\u011f\u0131n\u0131 deyib. Prezident \u0130lham \u018fliyevin iki sosial islahat paketi n\u0259tic\u0259sind\u0259 minimum \u0259m\u0259khaqq\u0131n\u0131n 2 d\u0259f\u0259y\u0259 yax\u0131n, minimum pensiyan\u0131n 72,4 faiz, sosial m\u00fcavin\u0259t v\u0259 t\u0259qa\u00fcdl\u0259rin orta hesabla 100 faiz art\u0131r\u0131ld\u0131\u011f\u0131n\u0131, sosial paketin \u00fcmum\u0259n 4,2 milyon v\u0259t\u0259nda\u015f\u0131n rifah hal\u0131n\u0131n yax\u015f\u0131la\u015fd\u0131r\u0131lmas\u0131na ciddi d\u0259st\u0259k oldu\u011funu vur\u011fulay\u0131b.<\/p>\n<p>H.M\u0259mi\u015fov m\u00fcharib\u0259 \u0259lill\u0259rin\u0259 y\u00f6n\u0259l\u0259n \u00f6d\u0259ni\u015fl\u0259rin d\u0259 \u0259h\u0259miyy\u0259tli d\u0259r\u0259c\u0259d\u0259 art\u0131r\u0131ld\u0131\u011f\u0131n\u0131 bildirib. O, bu kateqoriyadan olan v\u0259t\u0259nda\u015flar\u0131n, habel\u0259 h\u0259rbi xidm\u0259t v\u0259zif\u0259l\u0259rini yerin\u0259 yetirm\u0259kl\u0259 v\u0259 \u00c7ernob\u0131l AES-d\u0259 h\u0259rbi xidm\u0259tl\u0259 \u0259laq\u0259dar \u0259lilliyi olan \u015f\u0259xsl\u0259rin m\u00fcavin\u0259t v\u0259 t\u0259qa\u00fcdl\u0259rinin d\u0259 cari ild\u0259 orta hesabla iki d\u0259f\u0259y\u0259 q\u0259d\u0259r art\u0131d\u0131r\u0131ld\u0131\u011f\u0131n\u0131 diqq\u0259t\u0259 \u00e7atd\u0131r\u0131b. Bildirib ki, nazirlik t\u0259r\u0259find\u0259n \u015f\u0259hid ail\u0259l\u0259ri v\u0259 m\u00fcharib\u0259 \u0259lill\u0259rin\u0259 \u00f6t\u0259n il n\u0259z\u0259rd\u0259 tutuldu\u011fundan 3 d\u0259f\u0259 \u00e7ox olmaqla 626 m\u0259nzil verilib, 2019-cu ild\u0259 is\u0259 bu g\u00f6st\u0259ricisi 50 faiz \u00e7ox olmaqla, h\u0259min v\u0259t\u0259nda\u015flara 934 m\u0259nzil verilm\u0259si n\u0259z\u0259rd\u0259 tutulub, onlardan art\u0131q b\u00f6y\u00fck hiss\u0259si verilib v\u0259 qalan m\u0259nzil v\u0259 f\u0259rdi evl\u0259r d\u0259 bu ay \u0259rzind\u0259 veril\u0259c\u0259k. \u00dcmum\u0259n indiy\u0259 kimi 7169 \u015f\u0259hid ail\u0259si v\u0259 m\u00fcharib\u0259 \u0259lilin\u0259 \u018fm\u0259k v\u0259 \u018fhalinin Sosial M\u00fcdafi\u0259si Nazirliyi t\u0259r\u0259find\u0259n m\u0259nzil v\u0259 f\u0259rdi ev verilib.<\/p>\n<p>Qeyd edilib ki, m\u00fcharib\u0259 v\u0259 20 Yanvar, \u00c7ernob\u0131l AES \u0259lill\u0259rinin, h\u0259rbi xidm\u0259t v\u0259zif\u0259l\u0259rini yerin\u0259 yetirm\u0259kl\u0259 \u0259laq\u0259dar \u0259lilliyi olan \u015f\u0259xsl\u0259rin avtomobill\u0259 t\u0259minat\u0131 t\u0259dbirl\u0259ri d\u0259 ild\u0259n-il\u0259 g\u00fccl\u0259ndirilir. Bu il h\u0259min v\u0259t\u0259nda\u015flara n\u0259z\u0259rd\u0259 tutuldu\u011fundan 3,2 d\u0259f\u0259 \u00e7ox olmaqla 600-\u0259 yax\u0131n avtomobilin verilm\u0259si n\u0259z\u0259rd\u0259 tutulub ki, onlardan 500-\u0259 yax\u0131n avtomobil art\u0131q verilib. \u00dcmum\u0259n bu vaxta q\u0259d\u0259r nazirlik qeyd olunan v\u0259t\u0259nda\u015flara 6465 minik avtomobili t\u0259qdim edi<\/p>\n","protected":false},"excerpt":{"rendered":"<p>\u018fm\u0259k v\u0259 \u018fhalinin Sosial M\u00fcdafi\u0259si Nazirliyi daha 50 avtomobili \u0130kinci D\u00fcnya m\u00fcharib\u0259si \u0259lill\u0259rin\u0259, h\u0259rbi xidm\u0259t v\u0259zif\u0259l\u0259rini yerin\u0259 yetirm\u0259kl\u0259 v\u0259 \u00c7ernob\u0131l&hellip;<\/p>\n","protected":false},"author":1,"featured_media":0,"comment_status":"closed","ping_status":"closed","sticky":false,"template":"","format":"standard","meta":{"om_disable_all_campaigns":false,"_monsterinsights_skip_tracking":false,"_uf_show_specific_survey":0,"_uf_disable_surveys":false,"footnotes":""},"categories":[5],"tags":[],"aioseo_notices":[],"_links":{"self":[{"href":"https:\/\/hakimiyyet.info.az\/index.php?rest_route=\/wp\/v2\/posts\/9996"}],"collection":[{"href":"https:\/\/hakimiyyet.info.az\/index.php?rest_route=\/wp\/v2\/posts"}],"about":[{"href":"https:\/\/hakimiyyet.info.az\/index.php?rest_route=\/wp\/v2\/types\/post"}],"author":[{"embeddable":true,"href":"https:\/\/hakimiyyet.info.az\/index.php?rest_route=\/wp\/v2\/users\/1"}],"replies":[{"embeddable":true,"href":"https:\/\/hakimiyyet.info.az\/index.php?rest_route=%2Fwp%2Fv2%2Fcomments&post=9996"}],"version-history":[{"count":1,"href":"https:\/\/hakimiyyet.info.az\/index.php?rest_route=\/wp\/v2\/posts\/9996\/revisions"}],"predecessor-version":[{"id":9997,"href":"https:\/\/hakimiyyet.info.az\/index.php?rest_route=\/wp\/v2\/posts\/9996\/revisions\/9997"}],"wp:attachment":[{"href":"https:\/\/hakimiyyet.info.az\/index.php?rest_route=%2Fwp%2Fv2%2Fmedia&parent=9996"}],"wp:term":[{"taxonomy":"category","embeddable":true,"href":"https:\/\/hakimiyyet.info.az\/index.php?rest_route=%2Fwp%2Fv2%2Fcategories&post=9996"},{"taxonomy":"post_tag","embeddable":true,"href":"https:\/\/hakimiyyet.info.az\/index.php?rest_route=%2Fwp%2Fv2%2Ftags&post=9996"}],"curies":[{"name":"wp","href":"https:\/\/api.w.org\/{rel}","templated":true}]}}